{"id":8203,"date":"2020-03-16T13:08:44","date_gmt":"2020-03-16T13:08:44","guid":{"rendered":"https:\/\/arroyitoonline.com.ar\/?p=8203"},"modified":"2020-03-17T01:15:39","modified_gmt":"2020-03-17T01:15:39","slug":"el-gobierno-municipal-se-reunio-con-referentes-de-la-discapacidad-con-miras-a-la-integracion","status":"publish","type":"post","link":"https:\/\/arroyitoonline.com.ar\/?p=8203","title":{"rendered":"El Gobierno Municipal se reuni\u00f3 con referentes de la discapacidad con miras a la integraci\u00f3n"},"content":{"rendered":"\n<p><strong>Presentaron un proyecto que tiene como objetivo, la generaci\u00f3n de espacios que mejoren la calidad de los est\u00edmulos que reciben estas personas, a trav\u00e9s del deporte.<\/strong><\/p>\n\n\n\n<p>El pasado martes 10 de marzo, autoridades del Gobierno Municipal convocaron a diferentes representantes de asociaciones civiles e instituciones educativas que abordan la tem\u00e1tica de la discapacidad para presentarles un proyecto que tiene como eje central, la integraci\u00f3n de las personas con discapacidad.<\/p>\n\n\n\n<p>Este proyecto fue diagramado en conjunto con las \u00e1reas de Discapacidad y Deporte y tiene como objetivo, la generaci\u00f3n de espacios que mejoren la calidad de los est\u00edmulos que reciben estas personas poniendo el foco en las actividades desarrolladas en el Polideportivo Municipal.<\/p>\n\n\n\n<p>La reuni\u00f3n se realiz\u00f3 en el edificio municipal y cont\u00f3 con la participaci\u00f3n de representantes de Acercar, Renacer, Cumel\u00e9n, Integrar y de la Escuela Especial Carolina Tobar Garc\u00eda. Las autoridades aprovecharon el espacio de di\u00e1logo para escuchar las diferentes necesidades de cada instituci\u00f3n intercambiando ideas y propuestas.<\/p>\n\n\n\n<p>Entre los numerosos temas que se trataron en este encuentro tambi\u00e9n se habl\u00f3 de las posibilidades de gesti\u00f3n de diferentes capacitaciones en relaci\u00f3n al deporte adaptado con la Agencia C\u00f3rdoba Deporte y de la generaci\u00f3n de espacios de participaci\u00f3n para estos centros, en diferentes eventos municipales.<\/p>\n\n\n\n<p><em>&#8220;\u00a1Seguimos articulando con nuestras instituciones para construir una ciudad para todos!&#8221;<\/em>, se\u00f1alaron desde el Gobierno Municipal. <\/p>\n\n\n\n<p>Fuente: Comunicaci\u00f3n y Protocolo del Gobierno Municipal. <\/p>\n","protected":false},"excerpt":{"rendered":"<p>Presentaron un proyecto que tiene como objetivo, la generaci\u00f3n de espacios que mejoren la calidad de los est\u00edmulos que reciben&hellip;<\/p>\n","protected":false},"author":3,"featured_media":8204,"comment_status":"closed","ping_status":"open","sticky":false,"template":"","format":"standard","meta":{"footnotes":""},"categories":[1097],"tags":[25,35,66,67,836,276,277,296,1052,452,572,639,683],"class_list":["post-8203","post","type-post","status-publish","format-standard","has-post-thumbnail","hentry","category-discapacidad","tag-acercar","tag-agencia-cordoba-deportes","tag-arroyito","tag-arroyito-cordoba","tag-arroyito-online","tag-deporte","tag-deportes","tag-discapacidad","tag-escuela-especial-carolina-tobar-garcia","tag-integracion","tag-noticias-de-arroyito-y-zona","tag-polideportivo-municipal","tag-renacer"],"_links":{"self":[{"href":"https:\/\/arroyitoonline.com.ar\/index.php?rest_route=\/wp\/v2\/posts\/8203","targetHints":{"allow":["GET"]}}],"collection":[{"href":"https:\/\/arroyitoonline.com.ar\/index.php?rest_route=\/wp\/v2\/posts"}],"about":[{"href":"https:\/\/arroyitoonline.com.ar\/index.php?rest_route=\/wp\/v2\/types\/post"}],"author":[{"embeddable":true,"href":"https:\/\/arroyitoonline.com.ar\/index.php?rest_route=\/wp\/v2\/users\/3"}],"replies":[{"embeddable":true,"href":"https:\/\/arroyitoonline.com.ar\/index.php?rest_route=%2Fwp%2Fv2%2Fcomments&post=8203"}],"version-history":[{"count":1,"href":"https:\/\/arroyitoonline.com.ar\/index.php?rest_route=\/wp\/v2\/posts\/8203\/revisions"}],"predecessor-version":[{"id":8205,"href":"https:\/\/arroyitoonline.com.ar\/index.php?rest_route=\/wp\/v2\/posts\/8203\/revisions\/8205"}],"wp:featuredmedia":[{"embeddable":true,"href":"https:\/\/arroyitoonline.com.ar\/index.php?rest_route=\/wp\/v2\/media\/8204"}],"wp:attachment":[{"href":"https:\/\/arroyitoonline.com.ar\/index.php?rest_route=%2Fwp%2Fv2%2Fmedia&parent=8203"}],"wp:term":[{"taxonomy":"category","embeddable":true,"href":"https:\/\/arroyitoonline.com.ar\/index.php?rest_route=%2Fwp%2Fv2%2Fcategories&post=8203"},{"taxonomy":"post_tag","embeddable":true,"href":"https:\/\/arroyitoonline.com.ar\/index.php?rest_route=%2Fwp%2Fv2%2Ftags&post=8203"}],"curies":[{"name":"wp","href":"https:\/\/api.w.org\/{rel}","templated":true}]}}