{"id":8209,"date":"2020-03-18T12:34:49","date_gmt":"2020-03-18T12:34:49","guid":{"rendered":"https:\/\/arroyitoonline.com.ar\/?p=8209"},"modified":"2020-03-18T12:34:54","modified_gmt":"2020-03-18T12:34:54","slug":"coronavirus-el-hospital-y-las-clinicas-regional-y-serem-habilitaron-un-numero-de-telefono-para-quienes-tengan-sintomas","status":"publish","type":"post","link":"https:\/\/arroyitoonline.com.ar\/?p=8209","title":{"rendered":"Coronavirus: el hospital y las cl\u00ednicas Regional y Serem habilitaron un n\u00famero de tel\u00e9fono para quienes tengan s\u00edntomas"},"content":{"rendered":"\n<p><strong>M\u00e9dicos brindaron una conferencia de prensa donde, adem\u00e1s de explicar el protocolo local, confirmaron que no hay casos sospechosos ni confirmados en Arroyito.<\/strong><\/p>\n\n\n\n<p>En la ma\u00f1ana de ayer, la directora M\u00e9dica del Hospital\nMunicipal Carlos J. Rodr\u00edguez, Melina Gallo, y la infect\u00f3loga, M\u00f3nica\nRodr\u00edguez, brindaron una conferencia de prensa, acompa\u00f1adas por el director\nM\u00e9dico de Serem Privado, Luis Rossi, y la representante de la Cl\u00ednica Regional,\nMar\u00eda Elena Badra. En la oportunidad, informaron acerca del protocolo que se\nsigue en nuestra ciudad en materia de salud p\u00fablica, frente a la pandemia de\ncoronavirus. <\/p>\n\n\n\n<p>En este sentido, los m\u00e9dicos de las cl\u00ednicas Regional y\nSerem Privado y los del nosocomio local, tomaron la determinaci\u00f3n un\u00e1nime de\nque trabajar\u00e1n en conjunto brindando atenci\u00f3n a pacientes que presenten\nfactores de riesgo (que hayan llegado de viaje desde las zonas de circulaci\u00f3n\ndel virus o personas que tomaron contacto estrecho con aquellos) y que\npresenten s\u00edntomas. Brindar\u00e1n este servicio a domicilio, previa comunicaci\u00f3n por\nWhatsApp al n\u00famero de tel\u00e9fono \u00fanico: <strong>3576\n476810<\/strong>.<\/p>\n\n\n\n<p><em>\u201cNos reunimos para organizarnos y no agotarnos\u201d<\/em>, dijo Rodr\u00edguez, y solicit\u00f3 a la poblaci\u00f3n <em>\u201cque se quede en su casa y haga la consulta por tel\u00e9fono, que no atiborre los lugares de Salud porque esto va en desmedro de ellos y del personal de Salud, que hay que conservarlo porque si el personal de Salud se enferma no va a haber qui\u00e9n atienda la situaci\u00f3n\u201d<\/em>.<\/p>\n\n\n\n<figure><iframe loading=\"lazy\" src=\"https:\/\/www.facebook.com\/plugins\/video.php?href=https%3A%2F%2Fwww.facebook.com%2Farroyitoonlineoficial%2Fvideos%2F1144009749276071%2F&amp;show_text=0&amp;width=560\" width=\"560\" height=\"315\" allowfullscreen=\"true\"><\/iframe><\/figure>\n\n\n\n<p>La m\u00e9dica recomend\u00f3 que, para la prevenci\u00f3n, es necesario\nel lavado de manos con agua y jab\u00f3n (en caso de no tenerlos, puede usarse\nalcohol en gel), que se estornude con el pliegue del codo y se usen pa\u00f1uelos\ndescartables, que deben desecharse en recipientes con bolsa y tapa. En cuanto a\nlas superficies, la limpieza ser\u00e1 frecuente, con agua y lavandina dom\u00e9stica. <\/p>\n\n\n\n<p>Rodr\u00edguez especific\u00f3 que <em>\u201cEl que vuelva de viaje tiene que notificar y guardar los 14 d\u00edas en su\ncasa. Nosotros sabremos si tiene o no tiene que ser internado. Apelo que la\ninformaci\u00f3n sea correcta. El rumor crea p\u00e1nico y le p\u00e1nico crea la anarqu\u00eda.\nLos m\u00e9dicos podemos responder. Es una situaci\u00f3n de todos, que no la provoc\u00f3\nnadie, tenemos que sobrellevarla de la mejor manera posible para que no\ntengamos un brote muy grande\u201d<\/em> y aclar\u00f3 que <strong>en Arroyito no hay casos sospechosos ni confirmados<\/strong>.<\/p>\n\n\n\n<p>Por su parte, Badra inst\u00f3 a <em>\u201cque la gente que tenga los signos o s\u00edntomas no salga de su casa ni\nconcurra a una guardia, donde puede haber personas que van por otra causa o\nurgencia. Los servicios de emergencia (Hospital, Serem y Cl\u00ednica Regional) nos\nvamos a trasladar a la casa de la persona que tenga los s\u00edntomas, vamos a\nevaluar si tiene sospecha de coronavirus y le vamos a tomar la muestra. El\nobjetivo es NO salga de su casa para que no infecte a otros. Si sale va a ser\nllevado por el servicio de emergencias\u201d<\/em>. <\/p>\n\n\n\n<p>La m\u00e9dica referente de la Cl\u00ednica Regional explic\u00f3 adem\u00e1s\nque <em>\u201cel primer criterio es fiebre. Si no\ntiene fiebre lo otro queda sin efecto. Lo primero que tiene que tener para\nconsultar en el tel\u00e9fono es fiebre seguida de dolor de garganta, tos seca y\nfalta de aire. A trav\u00e9s de preguntas definiremos si vamos a la casa. Apelamos a\nque el tel\u00e9fono se use solo para quienes presentan s\u00edntomas\u201d<\/em>.<\/p>\n\n\n\n<p>El objetivo de este protocolo es la disminuci\u00f3n de la\nconcurrencia de la gente a las cl\u00ednicas, hospital y guardias. El tel\u00e9fono est\u00e1\nsiempre disponible y va pasando de instituci\u00f3n en instituci\u00f3n.<\/p>\n\n\n\n<p>Por \u00faltimo, Rodr\u00edguez remarc\u00f3 que <em>\u201capelamos a la poblaci\u00f3n, porque esto es una responsabilidad de Salud P\u00fablica,\nsomos todos los p\u00fablicos y privados, pero la gente tiene que colaborar,\ncuidarse para cuidar al otro. Es un paradigma que debe respetarse. Queremos\nefectividad y se logra actuando todos en conjunto. Los negocios tambi\u00e9n tienen\nque tener sus recaudos para evitar amontonamientos\u201d<\/em>. <\/p>\n\n\n\n<p>Si volviste de viaje desde <strong>China, Corea del Sur,\nJap\u00f3n, Ir\u00e1n, Europa, Estados Unidos, Chile y Brasil <\/strong>y\/o estuviste en contacto con alguien que haya regresado de esos lugares\nrespet\u00e1 la cuarentena de 14 d\u00edas. Si adem\u00e1s present\u00e1s s\u00edntomas (fiebre seguida\nde tos seca, dolor de garganta o falta de aire) comunicate por WhatsApp al\nn\u00famero de tel\u00e9fono <strong>3576 476810 <\/strong>y personal de salud te indicar\u00e1 los pasos\nque ten\u00e9s que seguir. NO concurras a la guardia ni al consultorio de tu m\u00e9dico\nde cabecera. <\/p>\n","protected":false},"excerpt":{"rendered":"<p>M\u00e9dicos brindaron una conferencia de prensa donde, adem\u00e1s de explicar el protocolo local, confirmaron que no hay casos sospechosos ni&hellip;<\/p>\n","protected":false},"author":3,"featured_media":8210,"comment_status":"closed","ping_status":"open","sticky":false,"template":"","format":"standard","meta":{"footnotes":""},"categories":[9],"tags":[66,67,836,1114,1108,1107,1102,426,572,650,706],"class_list":["post-8209","post","type-post","status-publish","format-standard","has-post-thumbnail","hentry","category-infosalud","tag-arroyito","tag-arroyito-cordoba","tag-arroyito-online","tag-clinica-regional","tag-coronavirus","tag-emergencias-medicas","tag-gobierno-municipal","tag-hospital","tag-noticias-de-arroyito-y-zona","tag-prevencion","tag-salud"],"_links":{"self":[{"href":"https:\/\/arroyitoonline.com.ar\/index.php?rest_route=\/wp\/v2\/posts\/8209","targetHints":{"allow":["GET"]}}],"collection":[{"href":"https:\/\/arroyitoonline.com.ar\/index.php?rest_route=\/wp\/v2\/posts"}],"about":[{"href":"https:\/\/arroyitoonline.com.ar\/index.php?rest_route=\/wp\/v2\/types\/post"}],"author":[{"embeddable":true,"href":"https:\/\/arroyitoonline.com.ar\/index.php?rest_route=\/wp\/v2\/users\/3"}],"replies":[{"embeddable":true,"href":"https:\/\/arroyitoonline.com.ar\/index.php?rest_route=%2Fwp%2Fv2%2Fcomments&post=8209"}],"version-history":[{"count":1,"href":"https:\/\/arroyitoonline.com.ar\/index.php?rest_route=\/wp\/v2\/posts\/8209\/revisions"}],"predecessor-version":[{"id":8211,"href":"https:\/\/arroyitoonline.com.ar\/index.php?rest_route=\/wp\/v2\/posts\/8209\/revisions\/8211"}],"wp:featuredmedia":[{"embeddable":true,"href":"https:\/\/arroyitoonline.com.ar\/index.php?rest_route=\/wp\/v2\/media\/8210"}],"wp:attachment":[{"href":"https:\/\/arroyitoonline.com.ar\/index.php?rest_route=%2Fwp%2Fv2%2Fmedia&parent=8209"}],"wp:term":[{"taxonomy":"category","embeddable":true,"href":"https:\/\/arroyitoonline.com.ar\/index.php?rest_route=%2Fwp%2Fv2%2Fcategories&post=8209"},{"taxonomy":"post_tag","embeddable":true,"href":"https:\/\/arroyitoonline.com.ar\/index.php?rest_route=%2Fwp%2Fv2%2Ftags&post=8209"}],"curies":[{"name":"wp","href":"https:\/\/api.w.org\/{rel}","templated":true}]}}