{"id":8212,"date":"2020-03-18T19:28:27","date_gmt":"2020-03-18T19:28:27","guid":{"rendered":"https:\/\/arroyitoonline.com.ar\/?p=8212"},"modified":"2020-03-18T19:28:29","modified_gmt":"2020-03-18T19:28:29","slug":"coronavirus-el-ministerio-publico-fiscal-creo-la-unidad-fiscal-de-emergencia-sanitaria","status":"publish","type":"post","link":"https:\/\/arroyitoonline.com.ar\/?p=8212","title":{"rendered":"Coronavirus: el Ministerio P\u00fablico Fiscal cre\u00f3 la Unidad Fiscal de Emergencia Sanitaria"},"content":{"rendered":"\n<p><strong>Los hechos delictivos relacionados con la pandemia pueden denunciarse, las 24 horas, a trav\u00e9s de la l\u00ednea (0351) 4481790. <\/strong><\/p>\n\n\n\n<p>Los fiscales Generales Adjuntos, Jos\u00e9 G\u00f3mez Demmel y H\u00e9ctor David, a cargo del Ministerio P\u00fablico Fiscal (MPF), dispusieron la creaci\u00f3n de una\u00a0<strong>Unidad Fiscal de Emergencia Sanitaria (UFES)<\/strong>, que estar\u00e1 a cargo del fiscal Coordinador Andr\u00e9s Godoy, quien tendr\u00e1 la responsabilidad de la coordinaci\u00f3n de la actuaci\u00f3n del Ministerio P\u00fablico Fiscal frente a los hechos delictivos relacionados con el coronavirus (COVID-19).\u00a0<\/p>\n\n\n\n<p><strong>Estos\ndelitos pueden ser los de su propagaci\u00f3n, la violaci\u00f3n del aislamiento u otras\nmedidas dispuestas por el gobierno nacional, o la desobediencia a la autoridad\nen las \u00f3rdenes que dicte al respecto.<\/strong><\/p>\n\n\n\n<p>La UFES centralizar\u00e1 el tratamiento de los casos penales respecto de esta materia espec\u00edfica. Conforme a ello, establecer\u00e1 criterios de actuaci\u00f3n uniformes que orienten la actividad de las dependencias del MPF en todo el territorio provincial frente a este tipo de casos.<\/p>\n\n\n\n<p>Asimismo, el Ministerio P\u00fablico Fiscal habilit\u00f3 una l\u00ednea telef\u00f3nica exclusiva, que funciona las 24 horas todos los d\u00edas, para la recepci\u00f3n de estas denuncias, que podr\u00e1n realizarse desde cualquier punto de la provincia.\u00a0<strong>De manera provisoria, la ciudadan\u00eda podr\u00e1 comunicarse al n\u00famero (0351) 4481790 y al 0800-888-0054.<\/strong><\/p>\n\n\n\n<figure class=\"wp-block-image\"><img loading=\"lazy\" decoding=\"async\" width=\"1024\" height=\"1024\" src=\"https:\/\/arroyitoonline.com.ar\/wp-content\/uploads\/2020\/03\/Sin-T\u00edtulo-21-1024x1024.jpg\" alt=\"\" class=\"wp-image-8213\" srcset=\"https:\/\/arroyitoonline.com.ar\/wp-content\/uploads\/2020\/03\/Sin-T\u00edtulo-21-1024x1024.jpg 1024w, https:\/\/arroyitoonline.com.ar\/wp-content\/uploads\/2020\/03\/Sin-T\u00edtulo-21-150x150.jpg 150w, https:\/\/arroyitoonline.com.ar\/wp-content\/uploads\/2020\/03\/Sin-T\u00edtulo-21-300x300.jpg 300w, https:\/\/arroyitoonline.com.ar\/wp-content\/uploads\/2020\/03\/Sin-T\u00edtulo-21-768x768.jpg 768w, https:\/\/arroyitoonline.com.ar\/wp-content\/uploads\/2020\/03\/Sin-T\u00edtulo-21.jpg 1080w\" sizes=\"auto, (max-width: 1024px) 100vw, 1024px\" \/><\/figure>\n\n\n\n<p>Estos n\u00fameros telef\u00f3nicos ser\u00e1n las v\u00edas f\u00e1ciles, \u00e1giles y seguras que el MPF pone a disposici\u00f3n de la comunidad para la recepci\u00f3n de las denuncias vinculadas a esta pandemia.<\/p>\n\n\n\n<p>De esta forma se busca que el p\u00fablico que concurre a las Unidades Judiciales evite estar expuesto a un posible contagio, sin que se pierda de vista la importancia de la recepci\u00f3n de este tipo de denuncias.<\/p>\n\n\n\n<p>Mediante estas medidas, el Ministerio P\u00fablico Fiscal de C\u00f3rdoba desarrolla su misi\u00f3n de defender el inter\u00e9s p\u00fablico y los derechos de las personas, movilizando sus recursos de manera estrat\u00e9gica para responder a la situaci\u00f3n extraordinaria que atraviesa el pa\u00eds. <\/p>\n\n\n\n<p>El aislamiento obligatorio por 14 d\u00edas est\u00e1 determinado como acci\u00f3n preventiva para las siguientes personas:<\/p>\n\n\n\n<p>\u2013 \u00a0\u00a0 \u00a0Los Casos Confirmados de haber contra\u00eddo COVID \u2013 19.<\/p>\n\n\n\n<p>\u2013 \u00a0\u00a0 \u00a0Los que arriben al pa\u00eds habiendo transitado por zonas afectadas (Estados Unidos, Europa, China, Jap\u00f3n, Ir\u00e1n, Corea del Sur y, ahora tambi\u00e9n, Brasil y Chile).<\/p>\n\n\n\n<p>\u2013 \u00a0\u00a0 \u00a0Los que hayan arribado al pa\u00eds en los \u00faltimos 14 d\u00edas, habiendo transitado por zonas afectadas.<\/p>\n\n\n\n<p>\u2013 \u00a0\u00a0 \u00a0Los casos sospechosos (aquellas personas que presentan fiebre y uno o m\u00e1s s\u00edntomas respiratorios \u2013fiebre, tos, dolor de garganta, dificultad al respirar- y que adem\u00e1s tengan historial de viaje a zonas afectadas o hayan estado en contacto estrecho con casos confirmados o probables de Covid \u2013 19).<\/p>\n","protected":false},"excerpt":{"rendered":"<p>Los hechos delictivos relacionados con la pandemia pueden denunciarse, las 24 horas, a trav\u00e9s de la l\u00ednea (0351) 4481790. Los&hellip;<\/p>\n","protected":false},"author":3,"featured_media":8214,"comment_status":"closed","ping_status":"open","sticky":false,"template":"","format":"standard","meta":{"footnotes":""},"categories":[1111],"tags":[66,67,836,1108,270,271,1117,572,650],"class_list":["post-8212","post","type-post","status-publish","format-standard","has-post-thumbnail","hentry","category-justicia","tag-arroyito","tag-arroyito-cordoba","tag-arroyito-online","tag-coronavirus","tag-delito","tag-delitos","tag-ministerio-publico-fiscal","tag-noticias-de-arroyito-y-zona","tag-prevencion"],"_links":{"self":[{"href":"https:\/\/arroyitoonline.com.ar\/index.php?rest_route=\/wp\/v2\/posts\/8212","targetHints":{"allow":["GET"]}}],"collection":[{"href":"https:\/\/arroyitoonline.com.ar\/index.php?rest_route=\/wp\/v2\/posts"}],"about":[{"href":"https:\/\/arroyitoonline.com.ar\/index.php?rest_route=\/wp\/v2\/types\/post"}],"author":[{"embeddable":true,"href":"https:\/\/arroyitoonline.com.ar\/index.php?rest_route=\/wp\/v2\/users\/3"}],"replies":[{"embeddable":true,"href":"https:\/\/arroyitoonline.com.ar\/index.php?rest_route=%2Fwp%2Fv2%2Fcomments&post=8212"}],"version-history":[{"count":1,"href":"https:\/\/arroyitoonline.com.ar\/index.php?rest_route=\/wp\/v2\/posts\/8212\/revisions"}],"predecessor-version":[{"id":8215,"href":"https:\/\/arroyitoonline.com.ar\/index.php?rest_route=\/wp\/v2\/posts\/8212\/revisions\/8215"}],"wp:featuredmedia":[{"embeddable":true,"href":"https:\/\/arroyitoonline.com.ar\/index.php?rest_route=\/wp\/v2\/media\/8214"}],"wp:attachment":[{"href":"https:\/\/arroyitoonline.com.ar\/index.php?rest_route=%2Fwp%2Fv2%2Fmedia&parent=8212"}],"wp:term":[{"taxonomy":"category","embeddable":true,"href":"https:\/\/arroyitoonline.com.ar\/index.php?rest_route=%2Fwp%2Fv2%2Fcategories&post=8212"},{"taxonomy":"post_tag","embeddable":true,"href":"https:\/\/arroyitoonline.com.ar\/index.php?rest_route=%2Fwp%2Fv2%2Ftags&post=8212"}],"curies":[{"name":"wp","href":"https:\/\/api.w.org\/{rel}","templated":true}]}}