{"id":8216,"date":"2020-03-19T00:02:52","date_gmt":"2020-03-19T00:02:52","guid":{"rendered":"https:\/\/arroyitoonline.com.ar\/?p=8216"},"modified":"2020-03-19T18:02:38","modified_gmt":"2020-03-19T18:02:38","slug":"dengue-arroyito-registra-cuatro-casos-positivos-y-siguen-enviando-muestras-para-su-analisis","status":"publish","type":"post","link":"https:\/\/arroyitoonline.com.ar\/?p=8216","title":{"rendered":"Dengue: Arroyito registra cuatro casos positivos y siguen enviando muestras para su an\u00e1lisis"},"content":{"rendered":"\n<p><strong>La m\u00e9dica Infect\u00f3loga M\u00f3nica Rodr\u00edguez aclar\u00f3 que los dos decesos ocurridos en una cl\u00ednica privada local fueron adultos mayores derivados desde Balnearia.<\/strong><\/p>\n\n\n\n<p>Ayer, en el marco de la <a href=\"https:\/\/arroyitoonline.com.ar\/info-online\/infosalud\/coronavirus-el-hospital-y-las-clinicas-regional-y-serem-habilitaron-un-numero-de-telefono-para-quienes-tengan-sintomas\/\">conferencia de prensa de m\u00e9dicos de Arroyito<\/a>, sobre los protocolos que se siguen por la pandemia del coronavirus, <strong>Arroyito Online<\/strong> consult\u00f3 sobre la situaci\u00f3n local en cuanto a la epidemia del dengue.<\/p>\n\n\n\n<p>Al respecto habl\u00f3 la infect\u00f3loga M\u00f3nica Rodr\u00edguez, quien confirm\u00f3 que <em>&#8220;Tenemos cuatro casos positivos de dengue en Arroyito, uno hemorr\u00e1gico que fue derivado a San Francisco, evolucion\u00f3 y result\u00f3 dado de alta&#8221;<\/em>.<\/p>\n\n\n\n<p>Por su parte, dos pacientes de edad avanzada fueron derivados desde Balnearia a Serclin de nuestra ciudad, donde fallecieron. El \u00faltimo deceso, una mujer, fue confirmado el lunes 16, por el m\u00e9dico Miguel La Fur\u00eda, del Hospital San Jos\u00e9 de Balnearia. El galeno explic\u00f3 que <em>&#8220;esta paciente dio positivo a dengue, con buena evoluci\u00f3n&#8221;<\/em> y aclar\u00f3 que <em>&#8220;esta afecci\u00f3n no fue el motivo que causara su muerte, si no que fue producto de una insuficiencia card\u00edaca que deriv\u00f3 en una neumon\u00eda debido a su avanzada edad. Esto le provoc\u00f3 la complicaci\u00f3n y posterior deceso&#8221;<\/em>. <\/p>\n\n\n\n<p>Adem\u00e1s, en las \u00faltimas horas, fueron enviadas muestras para su an\u00e1lisis al Laboratorio Central de C\u00f3rdoba, pero esas personas no est\u00e1n internadas, sino que permanecen en sus hogares y se espera la confirmaci\u00f3n de si son positivos o no. <\/p>\n\n\n\n<p><em>&#8220;No tendr\u00edamos que haber tenido ninguno, pero el primero fue un caso importado de Paraguay. El segundo fue un caso que qued\u00f3 en duda de esta situaci\u00f3n, porque estaba comenzando con su enfermedad cuando viaj\u00f3 a las Sierras de C\u00f3rdoba y el tercer caso fue de ac\u00e1, que tambi\u00e9n hab\u00eda ido a Santa Fe a pescar y ah\u00ed contrajo el dengue. Tambi\u00e9n evolucion\u00f3 bien&#8221;<\/em>, detall\u00f3 la doctora. <\/p>\n\n\n\n<p><em>&#8220;Tambi\u00e9n tenemos un caso de un chico de El T\u00edo, que lo tuvimos internado, que estuvo cerca de hacer una complicaci\u00f3n, pero es joven y se le dio el alta. Hab\u00eda venido de Foz de Iguaz\u00fa (Brasil). Ha evolucionado muy bien&#8221;<\/em>, remarc\u00f3.<\/p>\n\n\n\n<p><em>&#8220;Por \u00faltimo, una se\u00f1ora que es de El Fuertecito, pero que se contagi\u00f3 en La Rioja. Es decir, que aut\u00f3ctono quedar\u00eda uno, pero entre signos de pregunta, para nosotros&#8221;<\/em>, especific\u00f3 Rodr\u00edguez, quien valor\u00f3 que <em>&#8220;La Municipalidad tom\u00f3 medidas, con el control de foco, que no es m\u00e1s que la fumigaci\u00f3n de la manzana donde est\u00e1 el caso \u00edndice y de las nueve manzanas alrededor del caso \u00edndice. Se aconseja el descacharrado, porque sin criaderos no hay mosquitos y no hay dengue&#8221;<\/em>.<\/p>\n","protected":false},"excerpt":{"rendered":"<p>La m\u00e9dica Infect\u00f3loga M\u00f3nica Rodr\u00edguez aclar\u00f3 que los dos decesos ocurridos en una cl\u00ednica privada local fueron adultos mayores derivados&hellip;<\/p>\n","protected":false},"author":3,"featured_media":7577,"comment_status":"closed","ping_status":"open","sticky":false,"template":"","format":"standard","meta":{"footnotes":""},"categories":[9],"tags":[66,67,836,1114,272,426,572,706],"class_list":["post-8216","post","type-post","status-publish","format-standard","has-post-thumbnail","hentry","category-infosalud","tag-arroyito","tag-arroyito-cordoba","tag-arroyito-online","tag-clinica-regional","tag-dengue","tag-hospital","tag-noticias-de-arroyito-y-zona","tag-salud"],"_links":{"self":[{"href":"https:\/\/arroyitoonline.com.ar\/index.php?rest_route=\/wp\/v2\/posts\/8216","targetHints":{"allow":["GET"]}}],"collection":[{"href":"https:\/\/arroyitoonline.com.ar\/index.php?rest_route=\/wp\/v2\/posts"}],"about":[{"href":"https:\/\/arroyitoonline.com.ar\/index.php?rest_route=\/wp\/v2\/types\/post"}],"author":[{"embeddable":true,"href":"https:\/\/arroyitoonline.com.ar\/index.php?rest_route=\/wp\/v2\/users\/3"}],"replies":[{"embeddable":true,"href":"https:\/\/arroyitoonline.com.ar\/index.php?rest_route=%2Fwp%2Fv2%2Fcomments&post=8216"}],"version-history":[{"count":3,"href":"https:\/\/arroyitoonline.com.ar\/index.php?rest_route=\/wp\/v2\/posts\/8216\/revisions"}],"predecessor-version":[{"id":8223,"href":"https:\/\/arroyitoonline.com.ar\/index.php?rest_route=\/wp\/v2\/posts\/8216\/revisions\/8223"}],"wp:featuredmedia":[{"embeddable":true,"href":"https:\/\/arroyitoonline.com.ar\/index.php?rest_route=\/wp\/v2\/media\/7577"}],"wp:attachment":[{"href":"https:\/\/arroyitoonline.com.ar\/index.php?rest_route=%2Fwp%2Fv2%2Fmedia&parent=8216"}],"wp:term":[{"taxonomy":"category","embeddable":true,"href":"https:\/\/arroyitoonline.com.ar\/index.php?rest_route=%2Fwp%2Fv2%2Fcategories&post=8216"},{"taxonomy":"post_tag","embeddable":true,"href":"https:\/\/arroyitoonline.com.ar\/index.php?rest_route=%2Fwp%2Fv2%2Ftags&post=8216"}],"curies":[{"name":"wp","href":"https:\/\/api.w.org\/{rel}","templated":true}]}}