{"id":8225,"date":"2020-03-20T03:30:17","date_gmt":"2020-03-20T03:30:17","guid":{"rendered":"https:\/\/arroyitoonline.com.ar\/?p=8225"},"modified":"2020-03-20T12:03:39","modified_gmt":"2020-03-20T12:03:39","slug":"el-presidente-decreto-el-aislamiento-social-preventivo-y-obligatorio","status":"publish","type":"post","link":"https:\/\/arroyitoonline.com.ar\/?p=8225","title":{"rendered":"El presidente decret\u00f3 el aislamiento social, preventivo y obligatorio"},"content":{"rendered":"\n<p><strong>Alberto Fern\u00e1ndez anunci\u00f3 el endurecimiento de las medidas por la pandemia del coronavirus. Salvo excepciones, todos los ciudadanos deben permanecer en sus casas. <\/strong><\/p>\n\n\n\n<p>Desde este viernes 20 a la hora cero hasta las 24:00 horas del martes 31 de marzo, <em>&#8220;nadie puede moverse de sus residencias, deben quedarse en sus casas&#8221;<\/em>, se\u00f1al\u00f3 en cadena nacional Alberto Fern\u00e1ndez.<\/p>\n\n\n\n<p>El d\u00eda del Veterano y de los Ca\u00eddos en la Guerra de Malvinas (2 de abril) se adelantar\u00e1 para el martes 31 de marzo y el lunes 30 ser\u00e1 feriado puente.<br><\/p>\n\n\n\n<p><em>&#8220;Podr\u00e1n salir para hacer lo necesario, para seguir viviendo su vida habitual. Van a poder ir a los almacenes, supermercados, ferreter\u00edas, farmacias y negocios de cercan\u00eda&#8221;<\/em>, remarc\u00f3 el presidente.<\/p>\n\n\n\n<p>Adem\u00e1s, el que no pueda explicar lo que est\u00e1 haciendo en la calle se ver\u00e1 sometido a las sanciones que el C\u00f3digo Penal exige. <em>&#8220;Vamos a ser inflexibles, porque es una medida que la Democracia permite. Me voy a poner al frente para poder garantizar aquello que nos hemos propuesto: evitar que el contagio se acelere de tal modo que el sistema sanitario no lo pueda atender. De modo que, si se propaga, que lo haga m\u00e1s lentamente para que sistema sanitario argentino pueda hacerle frente&#8221;<\/em>, indic\u00f3 el jefe de estado.<\/p>\n\n\n\n<p><em>&#8220;Conf\u00edo en la responsabilidad de todos los argentinos y las argentinas. Le he pedido a todos los gobernadores la m\u00e1xima severidad. Vamos a ser muy severos porque es lo que la Democracia nos exige. Hemos decidido conformar un gabinete federal con los gobernadores&#8221;<\/em>, asever\u00f3.<br><\/p>\n\n\n\n<p>Tambi\u00e9n anticip\u00f3 que dictar\u00e1n normas que alivien a los monotributistas.<br>En la parte final nos habl\u00f3 a quienes trabajamos en los medios de comunicaci\u00f3n. <em>&#8220;Los periodistas quedan exceptuados: les pido que me ayuden a informar bien. Tenemos dos peleas, una contra la pandemia y otra contra la psicosis&#8221;<\/em>, pidiendo m\u00e1xima colaboraci\u00f3n y responsabilidad: <em>&#8220;Si nos quedamos en casa nos preservamos todos&#8221;<\/em>. <\/p>\n\n\n\n<div class=\"wp-block-file\"><a href=\"https:\/\/arroyitoonline.com.ar\/wp-content\/uploads\/2020\/03\/cuarentena-total-19.34-clean.pdf\">El decreto de la cuarentena total<\/a><a href=\"https:\/\/arroyitoonline.com.ar\/wp-content\/uploads\/2020\/03\/cuarentena-total-19.34-clean.pdf\" class=\"wp-block-file__button\" download>Descarga<\/a><\/div>\n\n\n\n<p><strong>Resumen del Decreto del presidente&nbsp;y&nbsp;todas las&nbsp;excepciones<\/strong><\/p>\n\n\n\n<p>Las personas deber\u00e1n permanecer en sus residencias habituales o en la residencia en que se encuentren a las 00:00 horas del d\u00eda 20 de marzo de 2020, momento de inicio de la medida dispuesta.<\/p>\n\n\n\n<p>Deber\u00e1n abstenerse de concurrir a sus lugares de trabajo y no podr\u00e1n desplazarse por rutas, v\u00edas y espacios p\u00fablicos.<\/p>\n\n\n\n<p>Solo podr\u00e1n realizarse desplazamientos m\u00ednimos e indispensables para aprovisionarse de art\u00edculos de limpieza, medicamentos y alimentos.<\/p>\n\n\n\n<p>Quedan exceptuados:<\/p>\n\n\n\n<p>1. Personal de Salud, Fuerzas de seguridad, Fuerzas Armadas, actividad migratoria, bomberos y control de tr\u00e1fico a\u00e9reo.<\/p>\n\n\n\n<p>2. Autoridades superiores de los gobiernos nacional, provinciales y municipales. Trabajadores y trabajadoras del sector p\u00fablico nacional, provincial y municipal, convocados para garantizar actividades esenciales requeridas por las respectivas autoridades.<\/p>\n\n\n\n<p>3. Personal de los servicios de justicia de turno.<\/p>\n\n\n\n<p>4. Cuerpo diplom\u00e1tico extranjero, Organizaci\u00f3n de las Naciones Unidas y de la Cruz Roja.<\/p>\n\n\n\n<p>5. Quienes deban asistir a personas con discapacidad; familiares que necesiten asistencia; personas mayores; ni\u00f1os, ni\u00f1as y adolescentes.<\/p>\n\n\n\n<p>6. Quienes deban atender una situaci\u00f3n de fuerza mayor.<\/p>\n\n\n\n<p>7. Personas afectadas a la realizaci\u00f3n de servicios funerarios, entierros y cremaciones. No se autorizan actividades que signifiquen reuni\u00f3n de personas.<\/p>\n\n\n\n<p>8. Personas afectadas a la atenci\u00f3n de comedores escolares, comunitarios, y merenderos.<\/p>\n\n\n\n<p>9. Personal que se desempe\u00f1a en los servicios de comunicaci\u00f3n audiovisuales, radiales y gr\u00e1ficos.<\/p>\n\n\n\n<p>10. Supermercados mayoristas y minoristas, y comercios minoristas de proximidad. Farmacias. Veterinarias. Ferreter\u00edas. Provisi\u00f3n de garrafas.<\/p>\n\n\n\n<p>11. Industrias de alimentaci\u00f3n, su cadena productiva e insumos; de higiene personal y limpieza; de equipamiento m\u00e9dico, medicamentos, vacunas y otros insumos sanitarios.<\/p>\n\n\n\n<p>12. Actividades vinculadas con la producci\u00f3n, distribuci\u00f3n y comercializaci\u00f3n agropecuaria y de pesca.<\/p>\n\n\n\n<p>13. Actividades de telecomunicaciones, internet fija y m\u00f3vil y servicios digitales.<\/p>\n\n\n\n<p>14. Actividades impostergables vinculadas con el comercio exterior.<\/p>\n\n\n\n<p>15. Recolecci\u00f3n de basura y residuos. Transporte y tratamiento de residuos peligrosos y patog\u00e9nicos.<\/p>\n\n\n\n<p>16. Mantenimiento de los servicios b\u00e1sicos (agua, electricidad, gas, comunicaciones, etc.) y atenci\u00f3n de emergencias.<\/p>\n\n\n\n<p>17. Transporte p\u00fablico de pasajero, transporte de mercader\u00edas, petr\u00f3leo, combustibles y GLP.<\/p>\n\n\n\n<p>18. Reparto a domicilio de alimentos, medicamentos, productos de higiene, de limpieza y otros insumos de necesidad.<\/p>\n\n\n\n<p>19. Servicios de lavander\u00eda.<\/p>\n\n\n\n<p>20. Servicios postales y de distribuci\u00f3n de paqueter\u00eda.<\/p>\n\n\n\n<p>21. Servicios esenciales de vigilancia, limpieza y guardia.<\/p>\n\n\n\n<p>22. Guardias m\u00ednimas que aseguren la operaci\u00f3n y mantenimiento de Yacimientos de Petr\u00f3leo y Gas, plantas de tratamiento y\/o refinaci\u00f3n de Petr\u00f3leo y gas, transporte y distribuci\u00f3n de energ\u00eda el\u00e9ctrica, combustibles l\u00edquidos, petr\u00f3leo y gas, estaciones expendedoras de combustibles y generadores de energ\u00eda el\u00e9ctrica.<\/p>\n\n\n\n<p>23. Casa de la Moneda, servicios de cajeros autom\u00e1ticos, transporte de caudales y todas aquellas actividades que el BCRA considere imprescindibles para garantizar el funcionamiento del sistema de pagos.<\/p>\n\n\n\n<p>Agradecemos al abogado Emanuel Acosta.<\/p>\n","protected":false},"excerpt":{"rendered":"<p>Alberto Fern\u00e1ndez anunci\u00f3 el endurecimiento de las medidas por la pandemia del coronavirus. Salvo excepciones, todos los ciudadanos deben permanecer&hellip;<\/p>\n","protected":false},"author":3,"featured_media":8226,"comment_status":"closed","ping_status":"open","sticky":false,"template":"","format":"standard","meta":{"footnotes":""},"categories":[9],"tags":[1012,66,67,836,1108,857,572,650,706],"class_list":["post-8225","post","type-post","status-publish","format-standard","has-post-thumbnail","hentry","category-infosalud","tag-alberto-fernandez","tag-arroyito","tag-arroyito-cordoba","tag-arroyito-online","tag-coronavirus","tag-gobierno-nacional","tag-noticias-de-arroyito-y-zona","tag-prevencion","tag-salud"],"_links":{"self":[{"href":"https:\/\/arroyitoonline.com.ar\/index.php?rest_route=\/wp\/v2\/posts\/8225","targetHints":{"allow":["GET"]}}],"collection":[{"href":"https:\/\/arroyitoonline.com.ar\/index.php?rest_route=\/wp\/v2\/posts"}],"about":[{"href":"https:\/\/arroyitoonline.com.ar\/index.php?rest_route=\/wp\/v2\/types\/post"}],"author":[{"embeddable":true,"href":"https:\/\/arroyitoonline.com.ar\/index.php?rest_route=\/wp\/v2\/users\/3"}],"replies":[{"embeddable":true,"href":"https:\/\/arroyitoonline.com.ar\/index.php?rest_route=%2Fwp%2Fv2%2Fcomments&post=8225"}],"version-history":[{"count":2,"href":"https:\/\/arroyitoonline.com.ar\/index.php?rest_route=\/wp\/v2\/posts\/8225\/revisions"}],"predecessor-version":[{"id":8238,"href":"https:\/\/arroyitoonline.com.ar\/index.php?rest_route=\/wp\/v2\/posts\/8225\/revisions\/8238"}],"wp:featuredmedia":[{"embeddable":true,"href":"https:\/\/arroyitoonline.com.ar\/index.php?rest_route=\/wp\/v2\/media\/8226"}],"wp:attachment":[{"href":"https:\/\/arroyitoonline.com.ar\/index.php?rest_route=%2Fwp%2Fv2%2Fmedia&parent=8225"}],"wp:term":[{"taxonomy":"category","embeddable":true,"href":"https:\/\/arroyitoonline.com.ar\/index.php?rest_route=%2Fwp%2Fv2%2Fcategories&post=8225"},{"taxonomy":"post_tag","embeddable":true,"href":"https:\/\/arroyitoonline.com.ar\/index.php?rest_route=%2Fwp%2Fv2%2Ftags&post=8225"}],"curies":[{"name":"wp","href":"https:\/\/api.w.org\/{rel}","templated":true}]}}