{"id":8241,"date":"2020-03-19T16:51:05","date_gmt":"2020-03-19T16:51:05","guid":{"rendered":"https:\/\/arroyitoonline.com.ar\/?p=8241"},"modified":"2020-03-20T17:06:29","modified_gmt":"2020-03-20T17:06:29","slug":"coronavirus-benedetti-decreto-asueto-y-posibilito-la-apertura-de-los-super-los-domingos","status":"publish","type":"post","link":"https:\/\/arroyitoonline.com.ar\/?p=8241","title":{"rendered":"Coronavirus: Benedetti decret\u00f3 Asueto y posibilit\u00f3 la apertura de los s\u00faper los domingos"},"content":{"rendered":"\n<p><strong>En un video difundido en redes sociales y medios de comunicaci\u00f3n, el intendente dict\u00f3 medidas en el marco de la pandemia. Asegur\u00f3 el funcionamiento de los servicios esenciales.<\/strong><\/p>\n\n\n\n<p>El intendente Gustavo Benedetti, teniendo presente las legislaciones nacional y provincial vigentes, en torno a la mitigaci\u00f3n del contagio del Covid-19 y en uso de sus atribuciones, ha declarado de manera p\u00fablica y mediante Decretos N\u00b0 122 \u2013 C\/20 y 123- C\/20, medidas preventivas<\/p>\n\n\n\n<p>En primer lugar, el Asueto para la Administraci\u00f3n P\u00fablica Municipal de la ciudad de Arroyito, el viernes 20 de marzo de 2020, quedando exceptuadas el \u00e1rea de sanidad y la prestaci\u00f3n de los servicios b\u00e1sicos. Adem\u00e1s, recomend\u00f3 a las instituciones, comercios y empresas locales que tomen similares medidas.<\/p>\n\n\n\n<p><em>\u201cQuienes no puedan llevarlo a cabo, deben optimizar las medidas de prevenci\u00f3n, seguridad e higiene con el fin de cuidar la salud de todos\u201d<\/em>, estableci\u00f3 el primer mandatario local.<\/p>\n\n\n\n<p>La Salud P\u00fablica ser\u00e1 garantizada con guardia permanente de 24 horas as\u00ed como los Servicios P\u00fablicos b\u00e1sicos. La recolecci\u00f3n de Poda y Escombros queda suspendida desde el s\u00e1bado 21 hasta el martes 31 de marzo inclusive y la recolecci\u00f3n de residuos domiciliarios se realizar\u00e1 solo por la noche.<\/p>\n\n\n\n<p>En este sentido se posibilita la ampliaci\u00f3n horaria de los supermercados, y tambi\u00e9n de modo excepcional, su apertura en los d\u00edas domingos hasta el 31 de marzo.<\/p>\n\n\n\n<p>Tambi\u00e9n se entregar\u00e1n m\u00f3dulos alimentarios u \u00f3rdenes de compra equivalentes para los estudiantes inscriptos en el Programa provincial PAICor.<\/p>\n\n\n\n<p>Por \u00faltimo, Benedetti inform\u00f3 que se desarrollar\u00e1n acciones de control policial para que se eviten reuniones masivas en la v\u00eda p\u00fablica o privadas y que se podr\u00e1n disponer de medidas para la supervisi\u00f3n de acceso a la ciudad.<\/p>\n\n\n\n<p>Se pide a la poblaci\u00f3n que acompa\u00f1e las medidas Nacionales, Provinciales y Municipales qued\u00e1ndose en su casa. <\/p>\n\n\n\n<p>Fuente: Comunicaci\u00f3n y Protocolo del Gobierno Municipal. <\/p>\n","protected":false},"excerpt":{"rendered":"<p>En un video difundido en redes sociales y medios de comunicaci\u00f3n, el intendente dict\u00f3 medidas en el marco de la&hellip;<\/p>\n","protected":false},"author":3,"featured_media":8242,"comment_status":"closed","ping_status":"open","sticky":false,"template":"","format":"standard","meta":{"footnotes":""},"categories":[829],"tags":[66,67,836,1108,1118,404,405,1102,572,650,745],"class_list":["post-8241","post","type-post","status-publish","format-standard","has-post-thumbnail","hentry","category-municipales-online","tag-arroyito","tag-arroyito-cordoba","tag-arroyito-online","tag-coronavirus","tag-gob","tag-gobierno-de-cordoba","tag-gobierno-de-la-provincia","tag-gobierno-municipal","tag-noticias-de-arroyito-y-zona","tag-prevencion","tag-supermercados"],"_links":{"self":[{"href":"https:\/\/arroyitoonline.com.ar\/index.php?rest_route=\/wp\/v2\/posts\/8241","targetHints":{"allow":["GET"]}}],"collection":[{"href":"https:\/\/arroyitoonline.com.ar\/index.php?rest_route=\/wp\/v2\/posts"}],"about":[{"href":"https:\/\/arroyitoonline.com.ar\/index.php?rest_route=\/wp\/v2\/types\/post"}],"author":[{"embeddable":true,"href":"https:\/\/arroyitoonline.com.ar\/index.php?rest_route=\/wp\/v2\/users\/3"}],"replies":[{"embeddable":true,"href":"https:\/\/arroyitoonline.com.ar\/index.php?rest_route=%2Fwp%2Fv2%2Fcomments&post=8241"}],"version-history":[{"count":3,"href":"https:\/\/arroyitoonline.com.ar\/index.php?rest_route=\/wp\/v2\/posts\/8241\/revisions"}],"predecessor-version":[{"id":8247,"href":"https:\/\/arroyitoonline.com.ar\/index.php?rest_route=\/wp\/v2\/posts\/8241\/revisions\/8247"}],"wp:featuredmedia":[{"embeddable":true,"href":"https:\/\/arroyitoonline.com.ar\/index.php?rest_route=\/wp\/v2\/media\/8242"}],"wp:attachment":[{"href":"https:\/\/arroyitoonline.com.ar\/index.php?rest_route=%2Fwp%2Fv2%2Fmedia&parent=8241"}],"wp:term":[{"taxonomy":"category","embeddable":true,"href":"https:\/\/arroyitoonline.com.ar\/index.php?rest_route=%2Fwp%2Fv2%2Fcategories&post=8241"},{"taxonomy":"post_tag","embeddable":true,"href":"https:\/\/arroyitoonline.com.ar\/index.php?rest_route=%2Fwp%2Fv2%2Ftags&post=8241"}],"curies":[{"name":"wp","href":"https:\/\/api.w.org\/{rel}","templated":true}]}}