{"id":8251,"date":"2020-03-20T18:00:22","date_gmt":"2020-03-20T18:00:22","guid":{"rendered":"https:\/\/arroyitoonline.com.ar\/?p=8251"},"modified":"2020-03-20T18:00:27","modified_gmt":"2020-03-20T18:00:27","slug":"la-escuela-proa-ya-tiene-aula-para-segundo-ano","status":"publish","type":"post","link":"https:\/\/arroyitoonline.com.ar\/?p=8251","title":{"rendered":"La escuela PRoA ya tiene aula para segundo a\u00f1o"},"content":{"rendered":"\n<p><strong>El Gobierno Municipal liber\u00f3 el espacio, que estaba siendo usada por Caritas Parroquial.<\/strong><\/p>\n\n\n\n<p>El Gobierno Municipal ha resuelto la liberaci\u00f3n del aula de la Escuela PRoA que estaba siendo utilizada por Caritas Parroquial \u2013otorgando as\u00ed, un nuevo espacio-, para que Segundo A\u00f1o tenga el lugar necesario donde iniciar sus actividades. En este marco se realiz\u00f3 la mudanza de los materiales de Caritas a un sitio cedido por la Municipalidad de Arroyito.<\/p>\n\n\n\n<p>Despu\u00e9s de que se diagramaran, en conjunto con la totalidad del equipo de Gabinete, las medidas en relaci\u00f3n la prevenci\u00f3n del coronavirus; de la visita al Ipetaym N\u00b0 68 \u2013donde se provey\u00f3 de insumos y recursos para la fabricaci\u00f3n de alcohol- y de la reuni\u00f3n con Gendarmer\u00eda Nacional para la determinaci\u00f3n de los procedimientos de seguridad de la ciudad ante el aislamiento obligatorio, por la tarde, el intendente, la viceintendente y secretarios del Ejecutivo Municipal trasladaron los materiales de Caritas a una nuevo espacio.<\/p>\n\n\n\n<figure class=\"wp-block-image\"><img decoding=\"async\" src=\"http:\/\/www.municipioarroyito.gob.ar\/images\/sitio\/noticias\/inicio\/2020\/Marzo\/Carta_de_la_Esc._PRoA.jpeg\" alt=\"Carta de la Esc. PRoA\"\/><\/figure>\n\n\n\n<p>Ahora, los chicos de Segundo A\u00f1o ya cuentan con su aula de estudio. &#8220;Agradecemos al Padre Gabriel, a la Comisi\u00f3n de Caritas Arroyito y a Juana Guti\u00e9rrez por la predisposici\u00f3n puesta de manifiesto para resolver la situaci\u00f3n&#8221;, se\u00f1alaron desde el Gobierno Municipal. <\/p>\n\n\n\n<p>Fuente: Comunicaci\u00f3n y Protocolo del Gobierno Municipal. <\/p>\n","protected":false},"excerpt":{"rendered":"<p>El Gobierno Municipal liber\u00f3 el espacio, que estaba siendo usada por Caritas Parroquial. El Gobierno Municipal ha resuelto la liberaci\u00f3n&hellip;<\/p>\n","protected":false},"author":3,"featured_media":8252,"comment_status":"closed","ping_status":"open","sticky":false,"template":"","format":"standard","meta":{"footnotes":""},"categories":[830],"tags":[66,67,836,310,859,1102,572],"class_list":["post-8251","post","type-post","status-publish","format-standard","has-post-thumbnail","hentry","category-educacion-online","tag-arroyito","tag-arroyito-cordoba","tag-arroyito-online","tag-educacion","tag-escuela-proa","tag-gobierno-municipal","tag-noticias-de-arroyito-y-zona"],"_links":{"self":[{"href":"https:\/\/arroyitoonline.com.ar\/index.php?rest_route=\/wp\/v2\/posts\/8251","targetHints":{"allow":["GET"]}}],"collection":[{"href":"https:\/\/arroyitoonline.com.ar\/index.php?rest_route=\/wp\/v2\/posts"}],"about":[{"href":"https:\/\/arroyitoonline.com.ar\/index.php?rest_route=\/wp\/v2\/types\/post"}],"author":[{"embeddable":true,"href":"https:\/\/arroyitoonline.com.ar\/index.php?rest_route=\/wp\/v2\/users\/3"}],"replies":[{"embeddable":true,"href":"https:\/\/arroyitoonline.com.ar\/index.php?rest_route=%2Fwp%2Fv2%2Fcomments&post=8251"}],"version-history":[{"count":1,"href":"https:\/\/arroyitoonline.com.ar\/index.php?rest_route=\/wp\/v2\/posts\/8251\/revisions"}],"predecessor-version":[{"id":8253,"href":"https:\/\/arroyitoonline.com.ar\/index.php?rest_route=\/wp\/v2\/posts\/8251\/revisions\/8253"}],"wp:featuredmedia":[{"embeddable":true,"href":"https:\/\/arroyitoonline.com.ar\/index.php?rest_route=\/wp\/v2\/media\/8252"}],"wp:attachment":[{"href":"https:\/\/arroyitoonline.com.ar\/index.php?rest_route=%2Fwp%2Fv2%2Fmedia&parent=8251"}],"wp:term":[{"taxonomy":"category","embeddable":true,"href":"https:\/\/arroyitoonline.com.ar\/index.php?rest_route=%2Fwp%2Fv2%2Fcategories&post=8251"},{"taxonomy":"post_tag","embeddable":true,"href":"https:\/\/arroyitoonline.com.ar\/index.php?rest_route=%2Fwp%2Fv2%2Ftags&post=8251"}],"curies":[{"name":"wp","href":"https:\/\/api.w.org\/{rel}","templated":true}]}}