{"id":8254,"date":"2020-03-20T19:18:21","date_gmt":"2020-03-20T19:18:21","guid":{"rendered":"https:\/\/arroyitoonline.com.ar\/?p=8254"},"modified":"2020-03-20T19:18:28","modified_gmt":"2020-03-20T19:18:28","slug":"ullua-quien-incumpla-el-decreto-presidencial-sera-puesto-a-disposicion-de-la-justicia","status":"publish","type":"post","link":"https:\/\/arroyitoonline.com.ar\/?p=8254","title":{"rendered":"Ullua: &#8220;Quien incumpla el decreto presidencial ser\u00e1 puesto a disposici\u00f3n de la Justicia&#8221;"},"content":{"rendered":"\n<p><strong>El jefe de la Comisar\u00eda Distrito Arroyito dijo que ser\u00e1n tajantes e inflexibles en los controles de personas y comercios. <\/strong><\/p>\n\n\n\n<p>Este mediod\u00eda, a 12 horas de la entrada en vigencia del <a href=\"https:\/\/arroyitoonline.com.ar\/info-online\/infosalud\/el-presidente-decreto-el-aislamiento-social-preventivo-y-obligatorio\/\">Decreto Presidencial que implement\u00f3 el <\/a><em><a href=\"https:\/\/arroyitoonline.com.ar\/info-online\/infosalud\/el-presidente-decreto-el-aislamiento-social-preventivo-y-obligatorio\/\">\u201cAislamiento Social, Preventivo y Obligatorio\u201d<\/a><\/em>, el jefe de la Comisar\u00eda Distrito Arroyito, oficial Principal Milton Ullua, inform\u00f3 c\u00f3mo fueron los primeros controles en nuestra ciudad. <\/p>\n\n\n\n<p>Las acciones estuvieron delineadas esta ma\u00f1ana,<a href=\"https:\/\/arroyitoonline.com.ar\/info-online\/comercio\/aislamiento-comercios-excluidos-pueden-abrir-hasta-las-23-y-deliverys-trabajaran-a-puertas-cerradas\/\"> en una reuni\u00f3n mantenida entre autoridades policiales y municipales<\/a>. Al trabajo de la Polic\u00eda se sumar\u00e1 esta tarde el de Gendarmer\u00eda, que se abocar\u00e1 a la prevenci\u00f3n y al cumplimiento de la ley.<\/p>\n\n\n\n<p>Al respecto, Ullua coment\u00f3 que <em>\u201cEstamos trabajando. Hemos estado toda la\nma\u00f1ana con el jefe de Zona de Inspecci\u00f3n, comisario Insp. Diego Rodr\u00edguez,\ncontrolando los supermercados, que est\u00e1n habilitados\u201d<\/em> y agreg\u00f3 que <em>\u201cHemos tenidos novedades de locales\ncomerciales que no tienen que estar abiertos y lo han hecho; han hecho ir a sus\nempleados y han sido notificados; han sido puestos en conocimiento de que si no\ntoman las medidas que la ley impone, el personal policial y la fuerza de seguridad\ntiene la obligaci\u00f3n y el poder de proceder a la clausura del local y a la detenci\u00f3n\nde las personas encargadas\u201d<\/em>. <\/p>\n\n\n\n<p>Tambi\u00e9n especific\u00f3 que ser\u00e1n\ntajantes e inflexibles en el cumplimiento del Decreto Presidencial en cuanto a\nque <em>\u201cLas personas deben permanecer en sus\ndomicilios, deben salir solo para adquirir las mercader\u00edas necesarias para\nsubsistir; no est\u00e1n habilitados para andar deambulando por las calles, ni para\nrealizar deportes al aire libre, bicicleteadas, etc.\u201d<\/em>. <\/p>\n\n\n\n<p>Adem\u00e1s, el jefe policial local asever\u00f3 que <em>\u201cNos venimos manejando bien, los lugares que hemos controlado est\u00e1n cumpliendo con la ley, con las normas de higiene y seguridad. Hemos notado que mucha gente no est\u00e1 al tono de la ley, de lo que est\u00e1 pasando, a lo mejor por desconocimiento. Pero ya todos debemos saber que a lo que apunta es a que las personas deben tratar de salir de sus domicilios lo menos posible y de a una persona para hacer compras\u201d.<\/em><\/p>\n\n\n\n<p>Asegur\u00f3 que farmacias, supermercados, verduler\u00edas y carnicer\u00edas estar\u00e1n abiertos, no habr\u00e1 desabastecimiento y los cajeros autom\u00e1ticos ser\u00e1n cargados por personal de los bancos, pero lo que no puede haber es aglomeraci\u00f3n de personas. <\/p>\n\n\n\n<p>Por \u00faltimo, pidi\u00f3 <em>\u201cla colaboraci\u00f3n de la ciudadan\u00eda, para que\nno tengamos que detener ni poner a disposici\u00f3n de la Justicia a ninguna persona\nque infrinja este Decreto Presidencial\u201d<\/em>. <\/p>\n","protected":false},"excerpt":{"rendered":"<p>El jefe de la Comisar\u00eda Distrito Arroyito dijo que ser\u00e1n tajantes e inflexibles en los controles de personas y comercios.&hellip;<\/p>\n","protected":false},"author":3,"featured_media":8255,"comment_status":"closed","ping_status":"open","sticky":false,"template":"","format":"standard","meta":{"footnotes":""},"categories":[824],"tags":[1012,66,67,836,217,1108,572,635,637,638,825,650],"class_list":["post-8254","post","type-post","status-publish","format-standard","has-post-thumbnail","hentry","category-policiales-online","tag-alberto-fernandez","tag-arroyito","tag-arroyito-cordoba","tag-arroyito-online","tag-comercio","tag-coronavirus","tag-noticias-de-arroyito-y-zona","tag-policia","tag-policiales","tag-policiales-arroyito","tag-policiales-online","tag-prevencion"],"_links":{"self":[{"href":"https:\/\/arroyitoonline.com.ar\/index.php?rest_route=\/wp\/v2\/posts\/8254","targetHints":{"allow":["GET"]}}],"collection":[{"href":"https:\/\/arroyitoonline.com.ar\/index.php?rest_route=\/wp\/v2\/posts"}],"about":[{"href":"https:\/\/arroyitoonline.com.ar\/index.php?rest_route=\/wp\/v2\/types\/post"}],"author":[{"embeddable":true,"href":"https:\/\/arroyitoonline.com.ar\/index.php?rest_route=\/wp\/v2\/users\/3"}],"replies":[{"embeddable":true,"href":"https:\/\/arroyitoonline.com.ar\/index.php?rest_route=%2Fwp%2Fv2%2Fcomments&post=8254"}],"version-history":[{"count":1,"href":"https:\/\/arroyitoonline.com.ar\/index.php?rest_route=\/wp\/v2\/posts\/8254\/revisions"}],"predecessor-version":[{"id":8256,"href":"https:\/\/arroyitoonline.com.ar\/index.php?rest_route=\/wp\/v2\/posts\/8254\/revisions\/8256"}],"wp:featuredmedia":[{"embeddable":true,"href":"https:\/\/arroyitoonline.com.ar\/index.php?rest_route=\/wp\/v2\/media\/8255"}],"wp:attachment":[{"href":"https:\/\/arroyitoonline.com.ar\/index.php?rest_route=%2Fwp%2Fv2%2Fmedia&parent=8254"}],"wp:term":[{"taxonomy":"category","embeddable":true,"href":"https:\/\/arroyitoonline.com.ar\/index.php?rest_route=%2Fwp%2Fv2%2Fcategories&post=8254"},{"taxonomy":"post_tag","embeddable":true,"href":"https:\/\/arroyitoonline.com.ar\/index.php?rest_route=%2Fwp%2Fv2%2Ftags&post=8254"}],"curies":[{"name":"wp","href":"https:\/\/api.w.org\/{rel}","templated":true}]}}