{"id":8260,"date":"2020-03-20T22:05:34","date_gmt":"2020-03-20T22:05:34","guid":{"rendered":"https:\/\/arroyitoonline.com.ar\/?p=8260"},"modified":"2020-03-20T22:05:35","modified_gmt":"2020-03-20T22:05:35","slug":"supermercados-empleados-enojados-por-ampliacion-de-horarios-y-apertura-los-domingos","status":"publish","type":"post","link":"https:\/\/arroyitoonline.com.ar\/?p=8260","title":{"rendered":"Supermercados: empleados enojados por ampliaci\u00f3n de horarios y apertura los domingos"},"content":{"rendered":"\n<p><strong>Reclamaron que, con esta medida, el intendente <\/strong><em><strong>&#8220;nos sac\u00f3 el \u00fanico d\u00eda que tenemos para estar en nuestras casas sin tanta exposici\u00f3n&#8221;<\/strong><\/em><strong>. <\/strong><\/p>\n\n\n\n<p>Ayer, una vez conocidos los anuncios del intendente Gustavo Benedetti, en el marco de la pandemia coronavirus, se desat\u00f3 una pol\u00e9mica iniciada en las redes sociales. <\/p>\n\n\n\n<p>Uno de los puntos abordados por el primer mandatario local fue el de la posibilidad de ampliaci\u00f3n horaria de los supermercados (hasta las 23:00 horas) y tambi\u00e9n, de modo excepcional, su apertura en los d\u00edas domingos, hasta el 31 de marzo. <\/p>\n\n\n\n<p>Esta medida extraordinaria gener\u00f3 una ola de cr\u00edticas virtuales, que fueron impulsadas por personas que trabajan en estas superficies comerciales. En particular, fue una la imagen comenz\u00f3 a compartirse y viralizarse. <\/p>\n\n\n\n<figure class=\"wp-block-image\"><img loading=\"lazy\" decoding=\"async\" width=\"860\" height=\"1024\" src=\"https:\/\/arroyitoonline.com.ar\/wp-content\/uploads\/2020\/03\/enojo-por-apertura-de-supermercados-860x1024.jpg\" alt=\"\" class=\"wp-image-8261\" srcset=\"https:\/\/arroyitoonline.com.ar\/wp-content\/uploads\/2020\/03\/enojo-por-apertura-de-supermercados-860x1024.jpg 860w, https:\/\/arroyitoonline.com.ar\/wp-content\/uploads\/2020\/03\/enojo-por-apertura-de-supermercados-252x300.jpg 252w, https:\/\/arroyitoonline.com.ar\/wp-content\/uploads\/2020\/03\/enojo-por-apertura-de-supermercados-768x914.jpg 768w, https:\/\/arroyitoonline.com.ar\/wp-content\/uploads\/2020\/03\/enojo-por-apertura-de-supermercados.jpg 1080w\" sizes=\"auto, (max-width: 860px) 100vw, 860px\" \/><figcaption><em>La imagen que se viraliz\u00f3 en las redes<\/em><\/figcaption><\/figure>\n\n\n\n<p>El texto va dirigido al <em>&#8220;se\u00f1or intendente Benedetti&#8221;<\/em> y le reclaman que<em> &#8220;nos sac\u00f3 el \u00fanico d\u00eda que tenemos para estar en nuestras casas sin tanta exposici\u00f3n&#8221;\u00a0<\/em>refiri\u00e9ndose\u00a0al\u00a0domingo, jornada en la que los s\u00faper permanecen cerrados en Arroyito, salvo excepciones. <\/p>\n\n\n\n<p>Adem\u00e1s, se\u00f1alan que <em>&#8220;estamos haciendo incontables horas, yendo en nuestros francos a trabajar&#8221;<\/em> y denuncian que <em>&#8220;poco se respeta el `no amontonamiento\u00b4&#8221;<\/em>.<\/p>\n\n\n\n<p>Por \u00faltimo recuerdan que ellos tambi\u00e9n tienen familia y <em>&#8220;queremos llegar sanos a casa como todos&#8221;<\/em>. <\/p>\n\n\n\n<p>La foto de portada es solo a modo ilustrativo.<\/p>\n","protected":false},"excerpt":{"rendered":"<p>Reclamaron que, con esta medida, el intendente &#8220;nos sac\u00f3 el \u00fanico d\u00eda que tenemos para estar en nuestras casas sin&hellip;<\/p>\n","protected":false},"author":3,"featured_media":8262,"comment_status":"closed","ping_status":"open","sticky":false,"template":"","format":"standard","meta":{"footnotes":""},"categories":[996],"tags":[66,67,836,217,1108,650,745],"class_list":["post-8260","post","type-post","status-publish","format-standard","has-post-thumbnail","hentry","category-comercio","tag-arroyito","tag-arroyito-cordoba","tag-arroyito-online","tag-comercio","tag-coronavirus","tag-prevencion","tag-supermercados"],"_links":{"self":[{"href":"https:\/\/arroyitoonline.com.ar\/index.php?rest_route=\/wp\/v2\/posts\/8260","targetHints":{"allow":["GET"]}}],"collection":[{"href":"https:\/\/arroyitoonline.com.ar\/index.php?rest_route=\/wp\/v2\/posts"}],"about":[{"href":"https:\/\/arroyitoonline.com.ar\/index.php?rest_route=\/wp\/v2\/types\/post"}],"author":[{"embeddable":true,"href":"https:\/\/arroyitoonline.com.ar\/index.php?rest_route=\/wp\/v2\/users\/3"}],"replies":[{"embeddable":true,"href":"https:\/\/arroyitoonline.com.ar\/index.php?rest_route=%2Fwp%2Fv2%2Fcomments&post=8260"}],"version-history":[{"count":1,"href":"https:\/\/arroyitoonline.com.ar\/index.php?rest_route=\/wp\/v2\/posts\/8260\/revisions"}],"predecessor-version":[{"id":8263,"href":"https:\/\/arroyitoonline.com.ar\/index.php?rest_route=\/wp\/v2\/posts\/8260\/revisions\/8263"}],"wp:featuredmedia":[{"embeddable":true,"href":"https:\/\/arroyitoonline.com.ar\/index.php?rest_route=\/wp\/v2\/media\/8262"}],"wp:attachment":[{"href":"https:\/\/arroyitoonline.com.ar\/index.php?rest_route=%2Fwp%2Fv2%2Fmedia&parent=8260"}],"wp:term":[{"taxonomy":"category","embeddable":true,"href":"https:\/\/arroyitoonline.com.ar\/index.php?rest_route=%2Fwp%2Fv2%2Fcategories&post=8260"},{"taxonomy":"post_tag","embeddable":true,"href":"https:\/\/arroyitoonline.com.ar\/index.php?rest_route=%2Fwp%2Fv2%2Ftags&post=8260"}],"curies":[{"name":"wp","href":"https:\/\/api.w.org\/{rel}","templated":true}]}}