{"id":8267,"date":"2020-03-20T22:54:57","date_gmt":"2020-03-20T22:54:57","guid":{"rendered":"https:\/\/arroyitoonline.com.ar\/?p=8267"},"modified":"2020-03-20T22:55:03","modified_gmt":"2020-03-20T22:55:03","slug":"el-gobierno-municipal-y-voluntarios-fabricaron-300-barbijos","status":"publish","type":"post","link":"https:\/\/arroyitoonline.com.ar\/?p=8267","title":{"rendered":"El Gobierno Municipal y voluntarios fabricaron 300 barbijos"},"content":{"rendered":"\n<p><strong>Se convoc\u00f3 a personas que se desempe\u00f1an en \u00e1mbitos p\u00fablicos y privados para que colaboren en la emergencia sanitaria.<\/strong><\/p>\n\n\n\n<p>Agentes municipales, colaboradores, emprendedores y voluntarios realizaron, en tan solo dos d\u00edas, m\u00e1s de 300 barbijos que ser\u00e1n distribuidos en diferentes cl\u00ednicas y dependencias p\u00fablicas de nuestra ciudad.<\/p>\n\n\n\n<p>A pedido del intendente Gustavo Benedetti y, a trav\u00e9s de la oficina de Empleo, se contact\u00f3 a personas que se desempe\u00f1an en \u00e1mbitos privados y p\u00fablicos para que colaboren en esta emergencia sanitaria.<\/p>\n\n\n\n<figure class=\"wp-block-image\"><img decoding=\"async\" src=\"http:\/\/www.municipioarroyito.gob.ar\/images\/sitio\/noticias\/inicio\/2020\/Marzo\/barbijos_2.jpeg\" alt=\"barbijos 2\"\/><figcaption><em>Personal de la Cl\u00ednica Regional con los barbijos artesanales<\/em><\/figcaption><\/figure>\n\n\n\n<p>De esta manera, recibiendo colaboraci\u00f3n de voluntarios y recursos del Estado se concret\u00f3 la realizaci\u00f3n artesanal de estas mascarillas tan necesarias para la atenci\u00f3n de la salud.<\/p>\n\n\n\n<p>Fuente: Comunicaci\u00f3n y Protocolo del Gobierno Municipal. <\/p>\n","protected":false},"excerpt":{"rendered":"<p>Se convoc\u00f3 a personas que se desempe\u00f1an en \u00e1mbitos p\u00fablicos y privados para que colaboren en la emergencia sanitaria. Agentes&hellip;<\/p>\n","protected":false},"author":3,"featured_media":8268,"comment_status":"closed","ping_status":"open","sticky":false,"template":"","format":"standard","meta":{"footnotes":""},"categories":[9],"tags":[66,67,836,1114,1108,1102,426,572,650,706],"class_list":["post-8267","post","type-post","status-publish","format-standard","has-post-thumbnail","hentry","category-infosalud","tag-arroyito","tag-arroyito-cordoba","tag-arroyito-online","tag-clinica-regional","tag-coronavirus","tag-gobierno-municipal","tag-hospital","tag-noticias-de-arroyito-y-zona","tag-prevencion","tag-salud"],"_links":{"self":[{"href":"https:\/\/arroyitoonline.com.ar\/index.php?rest_route=\/wp\/v2\/posts\/8267","targetHints":{"allow":["GET"]}}],"collection":[{"href":"https:\/\/arroyitoonline.com.ar\/index.php?rest_route=\/wp\/v2\/posts"}],"about":[{"href":"https:\/\/arroyitoonline.com.ar\/index.php?rest_route=\/wp\/v2\/types\/post"}],"author":[{"embeddable":true,"href":"https:\/\/arroyitoonline.com.ar\/index.php?rest_route=\/wp\/v2\/users\/3"}],"replies":[{"embeddable":true,"href":"https:\/\/arroyitoonline.com.ar\/index.php?rest_route=%2Fwp%2Fv2%2Fcomments&post=8267"}],"version-history":[{"count":1,"href":"https:\/\/arroyitoonline.com.ar\/index.php?rest_route=\/wp\/v2\/posts\/8267\/revisions"}],"predecessor-version":[{"id":8269,"href":"https:\/\/arroyitoonline.com.ar\/index.php?rest_route=\/wp\/v2\/posts\/8267\/revisions\/8269"}],"wp:featuredmedia":[{"embeddable":true,"href":"https:\/\/arroyitoonline.com.ar\/index.php?rest_route=\/wp\/v2\/media\/8268"}],"wp:attachment":[{"href":"https:\/\/arroyitoonline.com.ar\/index.php?rest_route=%2Fwp%2Fv2%2Fmedia&parent=8267"}],"wp:term":[{"taxonomy":"category","embeddable":true,"href":"https:\/\/arroyitoonline.com.ar\/index.php?rest_route=%2Fwp%2Fv2%2Fcategories&post=8267"},{"taxonomy":"post_tag","embeddable":true,"href":"https:\/\/arroyitoonline.com.ar\/index.php?rest_route=%2Fwp%2Fv2%2Ftags&post=8267"}],"curies":[{"name":"wp","href":"https:\/\/api.w.org\/{rel}","templated":true}]}}