{"id":8281,"date":"2020-03-22T04:00:17","date_gmt":"2020-03-22T04:00:17","guid":{"rendered":"https:\/\/arroyitoonline.com.ar\/?p=8281"},"modified":"2020-03-22T04:00:22","modified_gmt":"2020-03-22T04:00:22","slug":"coronavirus-el-gobierno-municipal-dono-mamelucos-descartables-a-la-clinica-regional","status":"publish","type":"post","link":"https:\/\/arroyitoonline.com.ar\/?p=8281","title":{"rendered":"Coronavirus: el Gobierno Municipal don\u00f3 mamelucos descartables a la Cl\u00ednica Regional"},"content":{"rendered":"\n<p><strong>Es para brindarles ayuda a las instituciones implicadas en la prevenci\u00f3n del contagio y en la atenci\u00f3n de posibles casos de Covid \u2013 19.<\/strong><\/p>\n\n\n\n<p>El Gobierno Municipal don\u00f3 a la Cl\u00ednica Regional Arroyito, materiales para hacer frente a la posible propagaci\u00f3n de Covid \u2013 19. Se entregaron al personal de Guardia de ese sanatorio, cuatro mamelucos descartables para el uso en \u00e1reas restringidas de atenci\u00f3n de la salud.<\/p>\n\n\n\n<p>Para brindarles ayuda a las instituciones implicadas en la prevenci\u00f3n del contagio y en la atenci\u00f3n de posibles casos de esta enfermedad, el Gobierno Municipal articula medidas con la Polic\u00eda, Tr\u00e1nsito, hospital municipal, cl\u00ednicas privadas, Servicios P\u00fablicos, Habilitaciones de Comercios, fuerzas vivas y Gendarmer\u00eda Nacional.<\/p>\n\n\n\n<p>La prevenci\u00f3n del contagio es tarea de todos.<em> &#8220;Aprovechamos la oportunidad para agradecer a todo el personal que se encuentra trabajando con responsabilidad social e instamos a la poblaci\u00f3n en general a que cumplan el aislamiento obligatorio&#8221;<\/em>, expresaron.<\/p>\n\n\n\n<p>Fuente: Comunicaci\u00f3n y Protocolo del Gobierno Municipal.<\/p>\n","protected":false},"excerpt":{"rendered":"<p>Es para brindarles ayuda a las instituciones implicadas en la prevenci\u00f3n del contagio y en la atenci\u00f3n de posibles casos&hellip;<\/p>\n","protected":false},"author":3,"featured_media":8282,"comment_status":"closed","ping_status":"open","sticky":false,"template":"","format":"standard","meta":{"footnotes":""},"categories":[9],"tags":[1120,66,67,836,1114,1108,1102,426,572,650,706],"class_list":["post-8281","post","type-post","status-publish","format-standard","has-post-thumbnail","hentry","category-infosalud","tag-aislamiento","tag-arroyito","tag-arroyito-cordoba","tag-arroyito-online","tag-clinica-regional","tag-coronavirus","tag-gobierno-municipal","tag-hospital","tag-noticias-de-arroyito-y-zona","tag-prevencion","tag-salud"],"_links":{"self":[{"href":"https:\/\/arroyitoonline.com.ar\/index.php?rest_route=\/wp\/v2\/posts\/8281","targetHints":{"allow":["GET"]}}],"collection":[{"href":"https:\/\/arroyitoonline.com.ar\/index.php?rest_route=\/wp\/v2\/posts"}],"about":[{"href":"https:\/\/arroyitoonline.com.ar\/index.php?rest_route=\/wp\/v2\/types\/post"}],"author":[{"embeddable":true,"href":"https:\/\/arroyitoonline.com.ar\/index.php?rest_route=\/wp\/v2\/users\/3"}],"replies":[{"embeddable":true,"href":"https:\/\/arroyitoonline.com.ar\/index.php?rest_route=%2Fwp%2Fv2%2Fcomments&post=8281"}],"version-history":[{"count":1,"href":"https:\/\/arroyitoonline.com.ar\/index.php?rest_route=\/wp\/v2\/posts\/8281\/revisions"}],"predecessor-version":[{"id":8283,"href":"https:\/\/arroyitoonline.com.ar\/index.php?rest_route=\/wp\/v2\/posts\/8281\/revisions\/8283"}],"wp:featuredmedia":[{"embeddable":true,"href":"https:\/\/arroyitoonline.com.ar\/index.php?rest_route=\/wp\/v2\/media\/8282"}],"wp:attachment":[{"href":"https:\/\/arroyitoonline.com.ar\/index.php?rest_route=%2Fwp%2Fv2%2Fmedia&parent=8281"}],"wp:term":[{"taxonomy":"category","embeddable":true,"href":"https:\/\/arroyitoonline.com.ar\/index.php?rest_route=%2Fwp%2Fv2%2Fcategories&post=8281"},{"taxonomy":"post_tag","embeddable":true,"href":"https:\/\/arroyitoonline.com.ar\/index.php?rest_route=%2Fwp%2Fv2%2Ftags&post=8281"}],"curies":[{"name":"wp","href":"https:\/\/api.w.org\/{rel}","templated":true}]}}