{"id":8289,"date":"2020-03-22T05:08:13","date_gmt":"2020-03-22T05:08:13","guid":{"rendered":"https:\/\/arroyitoonline.com.ar\/?p=8289"},"modified":"2020-03-22T05:08:18","modified_gmt":"2020-03-22T05:08:18","slug":"dengue-hay-seis-nuevos-casos-en-arroyito","status":"publish","type":"post","link":"https:\/\/arroyitoonline.com.ar\/?p=8289","title":{"rendered":"Dengue: hay seis nuevos casos en Arroyito"},"content":{"rendered":"\n<p><strong>Se confirmaron tres casos positivos en el hospital municipal y tres casos positivos en la Cl\u00ednica Regional.<\/strong><\/p>\n\n\n\n<p>Este s\u00e1bado 21 de marzo se han registrado seis nuevos casos de dengue en la ciudad, los cuales corresponden a la totalidad de los establecimientos de salud locales. Resultaron tres casos positivos en el hospital municipal y tres casos positivos en la Cl\u00ednica Regional Arroyito. <\/p>\n\n\n\n<p>Por ello se han realizado los bloqueos necesarios en cada uno de los domicilios, fumigando ocho cuadras a la redonda de cada caso \u00edndice. No existe por el momento una zona m\u00e1s afectada que otra, la totalidad de la poblaci\u00f3n debe cuidarse.<\/p>\n\n\n\n<p><em>&#8220;Se pide a la poblaci\u00f3n que est\u00e9 atenta a las recomendaciones para  combatir el dengue, la grave situaci\u00f3n epidemiol\u00f3gica que atraviesa nuestro pa\u00eds, nos debe encontrar esforz\u00e1ndonos a todos juntos&#8221;<\/em>, se\u00f1alaron desde el Gobierno Municipal y aclararon que est\u00e1n trabajando a m\u00e1xima capacidad fumigando para la protecci\u00f3n de espacios p\u00fablicos y privados.<\/p>\n\n\n\n<p>Sin criaderos no hay mosquitos y sin mosquitos no hay dengue. Por eso se solicita a las personas de Arroyito, La Curva y El Fuertecito que corten de manera regular el pasto en sus domicilios, eliminen o den vuelta objetos que acumulen agua, cambien a diario el agua de sus mascotas, utilicen repelentes y coloquen telas mosquiteras.<\/p>\n\n\n\n<p>Ahora que tenemos que quedarnos en casa, aprovechemos para tomar los recaudos necesarios tambi\u00e9n contra el mosquito. Elijamos prevenir, seamos responsables, cuid\u00e9monos entre todos.<\/p>\n\n\n\n<p>Fuente: Comunicaci\u00f3n y Protocolo del Gobierno Municipal. <\/p>\n","protected":false},"excerpt":{"rendered":"<p>Se confirmaron tres casos positivos en el hospital municipal y tres casos positivos en la Cl\u00ednica Regional. Este s\u00e1bado 21&hellip;<\/p>\n","protected":false},"author":3,"featured_media":7160,"comment_status":"closed","ping_status":"open","sticky":false,"template":"","format":"standard","meta":{"footnotes":""},"categories":[9],"tags":[66,67,836,1114,272,1102,426,572,706],"class_list":["post-8289","post","type-post","status-publish","format-standard","has-post-thumbnail","hentry","category-infosalud","tag-arroyito","tag-arroyito-cordoba","tag-arroyito-online","tag-clinica-regional","tag-dengue","tag-gobierno-municipal","tag-hospital","tag-noticias-de-arroyito-y-zona","tag-salud"],"_links":{"self":[{"href":"https:\/\/arroyitoonline.com.ar\/index.php?rest_route=\/wp\/v2\/posts\/8289","targetHints":{"allow":["GET"]}}],"collection":[{"href":"https:\/\/arroyitoonline.com.ar\/index.php?rest_route=\/wp\/v2\/posts"}],"about":[{"href":"https:\/\/arroyitoonline.com.ar\/index.php?rest_route=\/wp\/v2\/types\/post"}],"author":[{"embeddable":true,"href":"https:\/\/arroyitoonline.com.ar\/index.php?rest_route=\/wp\/v2\/users\/3"}],"replies":[{"embeddable":true,"href":"https:\/\/arroyitoonline.com.ar\/index.php?rest_route=%2Fwp%2Fv2%2Fcomments&post=8289"}],"version-history":[{"count":1,"href":"https:\/\/arroyitoonline.com.ar\/index.php?rest_route=\/wp\/v2\/posts\/8289\/revisions"}],"predecessor-version":[{"id":8290,"href":"https:\/\/arroyitoonline.com.ar\/index.php?rest_route=\/wp\/v2\/posts\/8289\/revisions\/8290"}],"wp:featuredmedia":[{"embeddable":true,"href":"https:\/\/arroyitoonline.com.ar\/index.php?rest_route=\/wp\/v2\/media\/7160"}],"wp:attachment":[{"href":"https:\/\/arroyitoonline.com.ar\/index.php?rest_route=%2Fwp%2Fv2%2Fmedia&parent=8289"}],"wp:term":[{"taxonomy":"category","embeddable":true,"href":"https:\/\/arroyitoonline.com.ar\/index.php?rest_route=%2Fwp%2Fv2%2Fcategories&post=8289"},{"taxonomy":"post_tag","embeddable":true,"href":"https:\/\/arroyitoonline.com.ar\/index.php?rest_route=%2Fwp%2Fv2%2Ftags&post=8289"}],"curies":[{"name":"wp","href":"https:\/\/api.w.org\/{rel}","templated":true}]}}