{"id":8291,"date":"2020-03-22T16:17:59","date_gmt":"2020-03-22T16:17:59","guid":{"rendered":"https:\/\/arroyitoonline.com.ar\/?p=8291"},"modified":"2020-03-22T16:18:06","modified_gmt":"2020-03-22T16:18:06","slug":"ocho-jovenes-fueron-detenidos-en-arroyito-por-violacion-de-la-cuarentena-obligatoria","status":"publish","type":"post","link":"https:\/\/arroyitoonline.com.ar\/?p=8291","title":{"rendered":"Ocho j\u00f3venes fueron detenidos en Arroyito, por violaci\u00f3n de la cuarentena obligatoria"},"content":{"rendered":"\n<p><strong>Tienen entre 18\ny 30 a\u00f1os y no pudieron justificar su presencia en la v\u00eda p\u00fablica.<\/strong><\/p>\n\n\n\n<p>Anoche, mientras efectivos policiales se encontraban patrullando por distintos sectores de la ciudad, observaron un grupo de j\u00f3venes reunidos en la v\u00eda p\u00fablica.<\/p>\n\n\n\n<p>Con la colaboraci\u00f3n de la movilidad, detuvieron y trasladaron a los ocho sujetos mayores de edad, de entre 18 y 30 a\u00f1os, los cuales se encontraban incumpliendo la cuarentena obligatoria sin poder justificar la necesidad de su presencia en el lugar.<\/p>\n\n\n\n<p>A continuaci\u00f3n, la Polic\u00eda puso en conocimiento magistrado de turno de Fiscal\u00eda de Instrucci\u00f3n, el que imparti\u00f3 la directiva de trasladarlos a la Comisar\u00eda, por supuesta infracci\u00f3n al Decreto de Necesidad y Urgencia 287\/2020, quedando alojados a disposici\u00f3n de la Fiscal\u00eda de Instrucci\u00f3n de San Francisco, a cargo del Dr. Giecco \u2013por los art\u00edculos 239 (Ser\u00e1 reprimido con prisi\u00f3n de 15 d\u00edas a un a\u00f1o, el que resistiere o desobedeciere a un funcionario p\u00fablico en el ejercicio leg\u00edtimo de sus funciones o a la persona que le prestare asistencia a requerimiento de aqu\u00e9l o en virtud de una obligaci\u00f3n legal) y 205 (Ser\u00e1 reprimido con prisi\u00f3n de seis meses a dos a\u00f1os, el que violare las medidas adoptadas por las autoridades competentes, para impedir la introducci\u00f3n o propagaci\u00f3n de una epidemia) del c\u00f3digo penal-.<\/p>\n\n\n\n<p>Fuente: informe del jefe de la Comisar\u00eda Distrito\nArroyito, subcomisario Milton Ullua. <\/p>\n","protected":false},"excerpt":{"rendered":"<p>Tienen entre 18 y 30 a\u00f1os y no pudieron justificar su presencia en la v\u00eda p\u00fablica. Anoche, mientras efectivos policiales&hellip;<\/p>\n","protected":false},"author":3,"featured_media":2723,"comment_status":"closed","ping_status":"open","sticky":false,"template":"","format":"standard","meta":{"footnotes":""},"categories":[824],"tags":[1120,66,67,836,1108,1119,270,572,635,637,638,825],"class_list":["post-8291","post","type-post","status-publish","format-standard","has-post-thumbnail","hentry","category-policiales-online","tag-aislamiento","tag-arroyito","tag-arroyito-cordoba","tag-arroyito-online","tag-coronavirus","tag-cuarentena","tag-delito","tag-noticias-de-arroyito-y-zona","tag-policia","tag-policiales","tag-policiales-arroyito","tag-policiales-online"],"_links":{"self":[{"href":"https:\/\/arroyitoonline.com.ar\/index.php?rest_route=\/wp\/v2\/posts\/8291","targetHints":{"allow":["GET"]}}],"collection":[{"href":"https:\/\/arroyitoonline.com.ar\/index.php?rest_route=\/wp\/v2\/posts"}],"about":[{"href":"https:\/\/arroyitoonline.com.ar\/index.php?rest_route=\/wp\/v2\/types\/post"}],"author":[{"embeddable":true,"href":"https:\/\/arroyitoonline.com.ar\/index.php?rest_route=\/wp\/v2\/users\/3"}],"replies":[{"embeddable":true,"href":"https:\/\/arroyitoonline.com.ar\/index.php?rest_route=%2Fwp%2Fv2%2Fcomments&post=8291"}],"version-history":[{"count":1,"href":"https:\/\/arroyitoonline.com.ar\/index.php?rest_route=\/wp\/v2\/posts\/8291\/revisions"}],"predecessor-version":[{"id":8292,"href":"https:\/\/arroyitoonline.com.ar\/index.php?rest_route=\/wp\/v2\/posts\/8291\/revisions\/8292"}],"wp:featuredmedia":[{"embeddable":true,"href":"https:\/\/arroyitoonline.com.ar\/index.php?rest_route=\/wp\/v2\/media\/2723"}],"wp:attachment":[{"href":"https:\/\/arroyitoonline.com.ar\/index.php?rest_route=%2Fwp%2Fv2%2Fmedia&parent=8291"}],"wp:term":[{"taxonomy":"category","embeddable":true,"href":"https:\/\/arroyitoonline.com.ar\/index.php?rest_route=%2Fwp%2Fv2%2Fcategories&post=8291"},{"taxonomy":"post_tag","embeddable":true,"href":"https:\/\/arroyitoonline.com.ar\/index.php?rest_route=%2Fwp%2Fv2%2Ftags&post=8291"}],"curies":[{"name":"wp","href":"https:\/\/api.w.org\/{rel}","templated":true}]}}