{"id":8304,"date":"2020-03-23T18:59:50","date_gmt":"2020-03-23T18:59:50","guid":{"rendered":"https:\/\/arroyitoonline.com.ar\/?p=8304"},"modified":"2020-03-23T19:01:22","modified_gmt":"2020-03-23T19:01:22","slug":"aislamiento-los-hijos-de-padres-separados-deberan-quedarse-en-el-domicilio-donde-viven-de-manera-habitual","status":"publish","type":"post","link":"https:\/\/arroyitoonline.com.ar\/?p=8304","title":{"rendered":"Aislamiento: los hijos de padres separados deber\u00e1n quedarse en el domicilio donde viven de manera habitual"},"content":{"rendered":"\n<p><strong>Quedan suspendidos los sistemas de comunicaci\u00f3n filiales tal como fueron\u00a0fijados. En casos de excepci\u00f3n debe completarse una declaraci\u00f3n jurada. <\/strong><\/p>\n\n\n\n<p>Las juezas y el\njuez del Fuero de Familia de la ciudad de C\u00f3rdoba especificaron los alcances de\nla resoluci\u00f3n del Ministerio de Desarrollo Social sobre el cumplimiento de los\nreg\u00edmenes de contacto.<\/p>\n\n\n\n<p>La resoluci\u00f3n solo contempla el traslado del ni\u00f1o, ni\u00f1a o adolescente al domicilio del progenitor donde vive de modo habitual, si es que al momento de inicio de aislamiento qued\u00f3 en el inmueble del otro progenitor o en otro lugar.<\/p>\n\n\n\n<p>Se habilitar\u00e1n\notros traslados cuando el progenitor conviviente deba ausentarse de su\ndomicilio por cuestiones laborales o de salud y sea necesario que movilice al\nhijo o hija para que sea cuidado.<\/p>\n\n\n\n<p>En los casos de\ncuidado personal alternado (cuando los ni\u00f1os est\u00e1n mitad del tiempo con cada\nprogenitor) permanecer\u00e1 en el domicilio a donde estaba en el comienzo del aislamiento.<\/p>\n\n\n\n<p>En todos los\ncasos de excepci\u00f3n debe completarse una declaraci\u00f3n jurada que justifique las\nexcepciones.<\/p>\n\n\n\n<p>Los jueces\nsolicitaron a los progenitores que colaboren con la posibilidad que sus hijas y\ne hijos se comuniquen de manera frecuente con sus progenitores no convivientes,\nmediante las diversas formas v\u00eda internet para hacerlo (WhatsApp, Skype, entre\notras).<\/p>\n\n\n\n<p>Fuente: Poder Judicial de C\u00f3rdoba.<\/p>\n\n\n\n<p>Foto de portada solo a modo ilustrativo: Clar\u00edn.<\/p>\n\n\n\n<p>Agradecemos al\nColegio de Abogados de Arroyito.<\/p>\n","protected":false},"excerpt":{"rendered":"<p>Quedan suspendidos los sistemas de comunicaci\u00f3n filiales tal como fueron\u00a0fijados. En casos de excepci\u00f3n debe completarse una declaraci\u00f3n jurada. Las&hellip;<\/p>\n","protected":false},"author":3,"featured_media":8307,"comment_status":"closed","ping_status":"open","sticky":false,"template":"","format":"standard","meta":{"footnotes":""},"categories":[1111],"tags":[66,67,836,1122,478,572,1123],"class_list":["post-8304","post","type-post","status-publish","format-standard","has-post-thumbnail","hentry","category-justicia","tag-arroyito","tag-arroyito-cordoba","tag-arroyito-online","tag-hijos","tag-justicia","tag-noticias-de-arroyito-y-zona","tag-padres"],"_links":{"self":[{"href":"https:\/\/arroyitoonline.com.ar\/index.php?rest_route=\/wp\/v2\/posts\/8304","targetHints":{"allow":["GET"]}}],"collection":[{"href":"https:\/\/arroyitoonline.com.ar\/index.php?rest_route=\/wp\/v2\/posts"}],"about":[{"href":"https:\/\/arroyitoonline.com.ar\/index.php?rest_route=\/wp\/v2\/types\/post"}],"author":[{"embeddable":true,"href":"https:\/\/arroyitoonline.com.ar\/index.php?rest_route=\/wp\/v2\/users\/3"}],"replies":[{"embeddable":true,"href":"https:\/\/arroyitoonline.com.ar\/index.php?rest_route=%2Fwp%2Fv2%2Fcomments&post=8304"}],"version-history":[{"count":1,"href":"https:\/\/arroyitoonline.com.ar\/index.php?rest_route=\/wp\/v2\/posts\/8304\/revisions"}],"predecessor-version":[{"id":8306,"href":"https:\/\/arroyitoonline.com.ar\/index.php?rest_route=\/wp\/v2\/posts\/8304\/revisions\/8306"}],"wp:featuredmedia":[{"embeddable":true,"href":"https:\/\/arroyitoonline.com.ar\/index.php?rest_route=\/wp\/v2\/media\/8307"}],"wp:attachment":[{"href":"https:\/\/arroyitoonline.com.ar\/index.php?rest_route=%2Fwp%2Fv2%2Fmedia&parent=8304"}],"wp:term":[{"taxonomy":"category","embeddable":true,"href":"https:\/\/arroyitoonline.com.ar\/index.php?rest_route=%2Fwp%2Fv2%2Fcategories&post=8304"},{"taxonomy":"post_tag","embeddable":true,"href":"https:\/\/arroyitoonline.com.ar\/index.php?rest_route=%2Fwp%2Fv2%2Ftags&post=8304"}],"curies":[{"name":"wp","href":"https:\/\/api.w.org\/{rel}","templated":true}]}}