{"id":8320,"date":"2020-03-24T12:27:07","date_gmt":"2020-03-24T12:27:07","guid":{"rendered":"https:\/\/arroyitoonline.com.ar\/?p=8320"},"modified":"2020-03-24T12:27:11","modified_gmt":"2020-03-24T12:27:11","slug":"coronavirus-la-anonima-coloco-separadores-de-acrilico-entre-cajeros-y-clientes","status":"publish","type":"post","link":"https:\/\/arroyitoonline.com.ar\/?p=8320","title":{"rendered":"Coronavirus: La An\u00f3nima coloc\u00f3 separadores de acr\u00edlico entre cajeros y clientes"},"content":{"rendered":"\n<p><strong>La gran superficie comercial ubicada en el extremo oeste de la ciudad tom\u00f3 medidas para la prevenci\u00f3n del contagio del coronavirus. <\/strong><\/p>\n\n\n\n<p>Siguiendo los lineamientos nacionales, provinciales y municipales para la prevenci\u00f3n del coronavirus, la sucursal Arroyito de supermercados La An\u00f3nima implement\u00f3 medidas para la protecci\u00f3n de empleados y clientes. <\/p>\n\n\n\n<p>En este marco, desde la semana pasada est\u00e1 restringido el acceso al local, limit\u00e1ndose a una persona por familia o grupo (sin ni\u00f1os ni personas en riesgo).<\/p>\n\n\n\n<p>Adem\u00e1s sugieren que la compra se haga de manera r\u00e1pida y destinada a necesidades primarias, para que todos los consumidores puedan comprar. En el acceso se ofrece alcohol, para que quienes ingresen se higienicen las manos y se hace lo propio con los manillares de los carros.<\/p>\n\n\n\n<figure class=\"wp-block-image\"><img loading=\"lazy\" decoding=\"async\" width=\"768\" height=\"1024\" src=\"https:\/\/arroyitoonline.com.ar\/wp-content\/uploads\/2020\/03\/la-an\u00f3nima-medidas-coronavirus-3-768x1024.jpg\" alt=\"\" class=\"wp-image-8321\" srcset=\"https:\/\/arroyitoonline.com.ar\/wp-content\/uploads\/2020\/03\/la-an\u00f3nima-medidas-coronavirus-3-768x1024.jpg 768w, https:\/\/arroyitoonline.com.ar\/wp-content\/uploads\/2020\/03\/la-an\u00f3nima-medidas-coronavirus-3-225x300.jpg 225w, https:\/\/arroyitoonline.com.ar\/wp-content\/uploads\/2020\/03\/la-an\u00f3nima-medidas-coronavirus-3.jpg 864w\" sizes=\"auto, (max-width: 768px) 100vw, 768px\" \/><figcaption><em>Se colocaron acr\u00edlicos separadores entre cajeros y clientes<\/em><\/figcaption><\/figure>\n\n\n\n<p>Cabe destacar que, en las \u00faltimas horas, se endurecieron las medidas sanitarias instal\u00e1ndose acr\u00edlicos en las todas las l\u00edneas de cajas, que separan a los empleados de los clientes.<\/p>\n\n\n\n<figure class=\"wp-block-image\"><img loading=\"lazy\" decoding=\"async\" width=\"768\" height=\"1024\" src=\"https:\/\/arroyitoonline.com.ar\/wp-content\/uploads\/2020\/03\/la-an\u00f3nima-medidas-coronavirus-2-768x1024.jpg\" alt=\"\" class=\"wp-image-8322\" srcset=\"https:\/\/arroyitoonline.com.ar\/wp-content\/uploads\/2020\/03\/la-an\u00f3nima-medidas-coronavirus-2-768x1024.jpg 768w, https:\/\/arroyitoonline.com.ar\/wp-content\/uploads\/2020\/03\/la-an\u00f3nima-medidas-coronavirus-2-225x300.jpg 225w, https:\/\/arroyitoonline.com.ar\/wp-content\/uploads\/2020\/03\/la-an\u00f3nima-medidas-coronavirus-2.jpg 864w\" sizes=\"auto, (max-width: 768px) 100vw, 768px\" \/><figcaption><em>Los clientes de la secci\u00f3n carnicer\u00eda deben ubicarse donde est\u00e1n las demarcaciones<\/em><\/figcaption><\/figure>\n\n\n\n<p>Tambi\u00e9n se colocaron demarcaciones que indican la distancia que debe mantenerse entre cada consumidor, tanto en el sector de cajas como en la secci\u00f3n carnicer\u00eda. <\/p>\n\n\n\n<p>Sobre estas decisiones, desde la empresa comunicaron que <em>&#8220;nos estamos ocupando de cuidarnos entre todos&#8221;<\/em>. <\/p>\n","protected":false},"excerpt":{"rendered":"<p>La gran superficie comercial ubicada en el extremo oeste de la ciudad tom\u00f3 medidas para la prevenci\u00f3n del contagio del&hellip;<\/p>\n","protected":false},"author":3,"featured_media":8323,"comment_status":"closed","ping_status":"open","sticky":false,"template":"","format":"standard","meta":{"footnotes":""},"categories":[996],"tags":[1120,66,67,836,217,1108,1119,944,572,650,745],"class_list":["post-8320","post","type-post","status-publish","format-standard","has-post-thumbnail","hentry","category-comercio","tag-aislamiento","tag-arroyito","tag-arroyito-cordoba","tag-arroyito-online","tag-comercio","tag-coronavirus","tag-cuarentena","tag-la-anonima","tag-noticias-de-arroyito-y-zona","tag-prevencion","tag-supermercados"],"_links":{"self":[{"href":"https:\/\/arroyitoonline.com.ar\/index.php?rest_route=\/wp\/v2\/posts\/8320","targetHints":{"allow":["GET"]}}],"collection":[{"href":"https:\/\/arroyitoonline.com.ar\/index.php?rest_route=\/wp\/v2\/posts"}],"about":[{"href":"https:\/\/arroyitoonline.com.ar\/index.php?rest_route=\/wp\/v2\/types\/post"}],"author":[{"embeddable":true,"href":"https:\/\/arroyitoonline.com.ar\/index.php?rest_route=\/wp\/v2\/users\/3"}],"replies":[{"embeddable":true,"href":"https:\/\/arroyitoonline.com.ar\/index.php?rest_route=%2Fwp%2Fv2%2Fcomments&post=8320"}],"version-history":[{"count":1,"href":"https:\/\/arroyitoonline.com.ar\/index.php?rest_route=\/wp\/v2\/posts\/8320\/revisions"}],"predecessor-version":[{"id":8325,"href":"https:\/\/arroyitoonline.com.ar\/index.php?rest_route=\/wp\/v2\/posts\/8320\/revisions\/8325"}],"wp:featuredmedia":[{"embeddable":true,"href":"https:\/\/arroyitoonline.com.ar\/index.php?rest_route=\/wp\/v2\/media\/8323"}],"wp:attachment":[{"href":"https:\/\/arroyitoonline.com.ar\/index.php?rest_route=%2Fwp%2Fv2%2Fmedia&parent=8320"}],"wp:term":[{"taxonomy":"category","embeddable":true,"href":"https:\/\/arroyitoonline.com.ar\/index.php?rest_route=%2Fwp%2Fv2%2Fcategories&post=8320"},{"taxonomy":"post_tag","embeddable":true,"href":"https:\/\/arroyitoonline.com.ar\/index.php?rest_route=%2Fwp%2Fv2%2Ftags&post=8320"}],"curies":[{"name":"wp","href":"https:\/\/api.w.org\/{rel}","templated":true}]}}