{"id":8326,"date":"2020-03-24T13:29:48","date_gmt":"2020-03-24T13:29:48","guid":{"rendered":"https:\/\/arroyitoonline.com.ar\/?p=8326"},"modified":"2020-03-24T13:30:09","modified_gmt":"2020-03-24T13:30:09","slug":"coronavirus-fundacion-infancia-segura-brindo-claves-para-la-contencion-de-ninos-y-ninas","status":"publish","type":"post","link":"https:\/\/arroyitoonline.com.ar\/?p=8326","title":{"rendered":"Coronavirus: Fundaci\u00f3n Infancia Segura brind\u00f3 claves para la contenci\u00f3n de ni\u00f1os y ni\u00f1as"},"content":{"rendered":"\n<p><strong>La entidad facilit\u00f3 algunas recomendaciones de Unicef para chicos de cero a seis a\u00f1os, en el marco de la pandemia.<\/strong><\/p>\n\n\n\n<p>Desde Fundaci\u00f3n Infancia Segura brindaron claves sobre la contenci\u00f3n emocional de los chicos y las chicas frente a la pandemia coronavirus.<\/p>\n\n\n\n<p>A continuaci\u00f3n, algunas recomendaciones para la contenci\u00f3n de ni\u00f1os y ni\u00f1as de cero a seis a\u00f1os.<\/p>\n\n\n\n<p>* Evitar que vean o escuchen noticias con un enfoque sensacionalista o morboso.<\/p>\n\n\n\n<p>* Evitar que se expongan mucho tiempo a noticias sobre el problema, el tiempo que le dedicamos a un tema tambi\u00e9n puede generar inquietud aunque el tono no sea alarmista.<\/p>\n\n\n\n<p>* Evitar involucrarlos en conversaciones de adultos sobre la situaci\u00f3n, aunque no estemos hablando con ellos, saben lo que hablamos y sacan conclusiones.<\/p>\n\n\n\n<p>* Ense\u00f1ar h\u00e1bitos saludables como el lavado de manos con agua y jab\u00f3n.<\/p>\n\n\n\n<p>* Ense\u00f1ar medidas higi\u00e9nicas que protejan a los dem\u00e1s, por ejemplo; el uso de pa\u00f1uelos, servilletas, que no compartan cubiertos ni vasos.<\/p>\n\n\n\n<p>Foto: Fundaci\u00f3n Infancia Segura.<br>Fuente: Unicef.<\/p>\n","protected":false},"excerpt":{"rendered":"<p>La entidad facilit\u00f3 algunas recomendaciones de Unicef para chicos de cero a seis a\u00f1os, en el marco de la pandemia.&hellip;<\/p>\n","protected":false},"author":3,"featured_media":8327,"comment_status":"closed","ping_status":"open","sticky":false,"template":"","format":"standard","meta":{"footnotes":""},"categories":[962],"tags":[66,67,836,1108,392,570,572,650],"class_list":["post-8326","post","type-post","status-publish","format-standard","has-post-thumbnail","hentry","category-ninez-y-adolescencia","tag-arroyito","tag-arroyito-cordoba","tag-arroyito-online","tag-coronavirus","tag-fundacion-infancia-segura","tag-ninez","tag-noticias-de-arroyito-y-zona","tag-prevencion"],"_links":{"self":[{"href":"https:\/\/arroyitoonline.com.ar\/index.php?rest_route=\/wp\/v2\/posts\/8326","targetHints":{"allow":["GET"]}}],"collection":[{"href":"https:\/\/arroyitoonline.com.ar\/index.php?rest_route=\/wp\/v2\/posts"}],"about":[{"href":"https:\/\/arroyitoonline.com.ar\/index.php?rest_route=\/wp\/v2\/types\/post"}],"author":[{"embeddable":true,"href":"https:\/\/arroyitoonline.com.ar\/index.php?rest_route=\/wp\/v2\/users\/3"}],"replies":[{"embeddable":true,"href":"https:\/\/arroyitoonline.com.ar\/index.php?rest_route=%2Fwp%2Fv2%2Fcomments&post=8326"}],"version-history":[{"count":1,"href":"https:\/\/arroyitoonline.com.ar\/index.php?rest_route=\/wp\/v2\/posts\/8326\/revisions"}],"predecessor-version":[{"id":8328,"href":"https:\/\/arroyitoonline.com.ar\/index.php?rest_route=\/wp\/v2\/posts\/8326\/revisions\/8328"}],"wp:featuredmedia":[{"embeddable":true,"href":"https:\/\/arroyitoonline.com.ar\/index.php?rest_route=\/wp\/v2\/media\/8327"}],"wp:attachment":[{"href":"https:\/\/arroyitoonline.com.ar\/index.php?rest_route=%2Fwp%2Fv2%2Fmedia&parent=8326"}],"wp:term":[{"taxonomy":"category","embeddable":true,"href":"https:\/\/arroyitoonline.com.ar\/index.php?rest_route=%2Fwp%2Fv2%2Fcategories&post=8326"},{"taxonomy":"post_tag","embeddable":true,"href":"https:\/\/arroyitoonline.com.ar\/index.php?rest_route=%2Fwp%2Fv2%2Ftags&post=8326"}],"curies":[{"name":"wp","href":"https:\/\/api.w.org\/{rel}","templated":true}]}}