{"id":8339,"date":"2020-03-25T00:23:17","date_gmt":"2020-03-25T00:23:17","guid":{"rendered":"https:\/\/arroyitoonline.com.ar\/?p=8339"},"modified":"2020-03-25T00:23:31","modified_gmt":"2020-03-25T00:23:31","slug":"estaba-en-un-complejo-de-canchas-de-futbol-y-fue-detenido-por-incumplimiento-del-aislamiento-obligatorio","status":"publish","type":"post","link":"https:\/\/arroyitoonline.com.ar\/?p=8339","title":{"rendered":"Estaba en un complejo de canchas de f\u00fatbol y fue detenido por incumplimiento del aislamiento obligatorio"},"content":{"rendered":"\n<p><strong>El sujeto, que fue trasladado a la Comisar\u00eda y qued\u00f3 alojado, se encontraba con otros tres m\u00e1s, los cuales se dieron a la fuga.<\/strong><\/p>\n\n\n\n<p>Esta tarde a las 16:50 horas, personal policial traslad\u00f3, desde Complejo El R\u00fastico \u2013en Av. Ricardo Boetto entre Av. Bernardi y Mario Seveso-, a un masculino mayor de edad, oriundo de Arroyito.<\/p>\n\n\n\n<p>Momentos antes, el hombre habr\u00eda sido controlado, en\ncolaboraci\u00f3n con personal de Gendarmer\u00eda Nacional y de Polic\u00eda Municipal, al\nencontrarse junto a otros tres sujetos dentro del complejo, los que se dieron a\nla fuga, no pudiendo justificar su presencia en el lugar.<\/p>\n\n\n\n<p>El masculino fue llevado a la Comisar\u00eda local, donde qued\u00f3 alojado por supuesta infracci\u00f3n al Decreto de Necesidad y Urgencia 297\/2020 de Presidencia de la Naci\u00f3n. <\/p>\n\n\n\n<p>Fuente: informe del jefe de la Comisar\u00eda Distrito\nArroyito, subcomisario Milton Ullua.<\/p>\n","protected":false},"excerpt":{"rendered":"<p>El sujeto, que fue trasladado a la Comisar\u00eda y qued\u00f3 alojado, se encontraba con otros tres m\u00e1s, los cuales se&hellip;<\/p>\n","protected":false},"author":3,"featured_media":3993,"comment_status":"closed","ping_status":"open","sticky":false,"template":"","format":"standard","meta":{"footnotes":""},"categories":[824],"tags":[1120,66,67,836,1108,1119,572,635,637,638,825,650],"class_list":["post-8339","post","type-post","status-publish","format-standard","has-post-thumbnail","hentry","category-policiales-online","tag-aislamiento","tag-arroyito","tag-arroyito-cordoba","tag-arroyito-online","tag-coronavirus","tag-cuarentena","tag-noticias-de-arroyito-y-zona","tag-policia","tag-policiales","tag-policiales-arroyito","tag-policiales-online","tag-prevencion"],"_links":{"self":[{"href":"https:\/\/arroyitoonline.com.ar\/index.php?rest_route=\/wp\/v2\/posts\/8339","targetHints":{"allow":["GET"]}}],"collection":[{"href":"https:\/\/arroyitoonline.com.ar\/index.php?rest_route=\/wp\/v2\/posts"}],"about":[{"href":"https:\/\/arroyitoonline.com.ar\/index.php?rest_route=\/wp\/v2\/types\/post"}],"author":[{"embeddable":true,"href":"https:\/\/arroyitoonline.com.ar\/index.php?rest_route=\/wp\/v2\/users\/3"}],"replies":[{"embeddable":true,"href":"https:\/\/arroyitoonline.com.ar\/index.php?rest_route=%2Fwp%2Fv2%2Fcomments&post=8339"}],"version-history":[{"count":1,"href":"https:\/\/arroyitoonline.com.ar\/index.php?rest_route=\/wp\/v2\/posts\/8339\/revisions"}],"predecessor-version":[{"id":8340,"href":"https:\/\/arroyitoonline.com.ar\/index.php?rest_route=\/wp\/v2\/posts\/8339\/revisions\/8340"}],"wp:featuredmedia":[{"embeddable":true,"href":"https:\/\/arroyitoonline.com.ar\/index.php?rest_route=\/wp\/v2\/media\/3993"}],"wp:attachment":[{"href":"https:\/\/arroyitoonline.com.ar\/index.php?rest_route=%2Fwp%2Fv2%2Fmedia&parent=8339"}],"wp:term":[{"taxonomy":"category","embeddable":true,"href":"https:\/\/arroyitoonline.com.ar\/index.php?rest_route=%2Fwp%2Fv2%2Fcategories&post=8339"},{"taxonomy":"post_tag","embeddable":true,"href":"https:\/\/arroyitoonline.com.ar\/index.php?rest_route=%2Fwp%2Fv2%2Ftags&post=8339"}],"curies":[{"name":"wp","href":"https:\/\/api.w.org\/{rel}","templated":true}]}}