{"id":8359,"date":"2020-03-25T04:46:56","date_gmt":"2020-03-25T04:46:56","guid":{"rendered":"https:\/\/arroyitoonline.com.ar\/?p=8359"},"modified":"2020-03-25T04:47:44","modified_gmt":"2020-03-25T04:47:44","slug":"coronavirus-benedetti-prorrogo-el-asueto-para-la-administracion-publica-municipal","status":"publish","type":"post","link":"https:\/\/arroyitoonline.com.ar\/?p=8359","title":{"rendered":"Coronavirus: Benedetti prorrog\u00f3 el Asueto para la Administraci\u00f3n P\u00fablica Municipal"},"content":{"rendered":"\n<p><strong>Ser\u00e1 durante los d\u00edas mi\u00e9rcoles 25, jueves 26, viernes 27 y lunes 30 de marzo de 2020. <\/strong><\/p>\n\n\n\n<p>El intendente municipal Gustavo Benedetti, ante las legislaciones nacional y provincial vigentes tendientes a la mitigaci\u00f3n del contagio del Covid\u201319, y en uso de sus atribuciones, ha declarado Asueto para la Administraci\u00f3n P\u00fablica Municipal de la Ciudad de Arroyito. <\/p>\n\n\n\n<p>Ser\u00e1 para los d\u00edas mi\u00e9rcoles 25, jueves 26, viernes 27 y lunes 30 de marzo de 2020, quedando exceptuada el \u00e1rea de sanidad y debiendo garantizarse la prestaci\u00f3n de los servicios b\u00e1sicos. <\/p>\n\n\n\n<p>Fuente: Comunicaci\u00f3n y Protocolo del Gobierno Municipal. <\/p>\n","protected":false},"excerpt":{"rendered":"<p>Ser\u00e1 durante los d\u00edas mi\u00e9rcoles 25, jueves 26, viernes 27 y lunes 30 de marzo de 2020. El intendente municipal&hellip;<\/p>\n","protected":false},"author":3,"featured_media":6826,"comment_status":"closed","ping_status":"open","sticky":false,"template":"","format":"standard","meta":{"footnotes":""},"categories":[829],"tags":[66,67,836,81,1108,1102,572,650,706,732],"class_list":["post-8359","post","type-post","status-publish","format-standard","has-post-thumbnail","hentry","category-municipales-online","tag-arroyito","tag-arroyito-cordoba","tag-arroyito-online","tag-asueto","tag-coronavirus","tag-gobierno-municipal","tag-noticias-de-arroyito-y-zona","tag-prevencion","tag-salud","tag-servicios-publicos"],"_links":{"self":[{"href":"https:\/\/arroyitoonline.com.ar\/index.php?rest_route=\/wp\/v2\/posts\/8359","targetHints":{"allow":["GET"]}}],"collection":[{"href":"https:\/\/arroyitoonline.com.ar\/index.php?rest_route=\/wp\/v2\/posts"}],"about":[{"href":"https:\/\/arroyitoonline.com.ar\/index.php?rest_route=\/wp\/v2\/types\/post"}],"author":[{"embeddable":true,"href":"https:\/\/arroyitoonline.com.ar\/index.php?rest_route=\/wp\/v2\/users\/3"}],"replies":[{"embeddable":true,"href":"https:\/\/arroyitoonline.com.ar\/index.php?rest_route=%2Fwp%2Fv2%2Fcomments&post=8359"}],"version-history":[{"count":2,"href":"https:\/\/arroyitoonline.com.ar\/index.php?rest_route=\/wp\/v2\/posts\/8359\/revisions"}],"predecessor-version":[{"id":8361,"href":"https:\/\/arroyitoonline.com.ar\/index.php?rest_route=\/wp\/v2\/posts\/8359\/revisions\/8361"}],"wp:featuredmedia":[{"embeddable":true,"href":"https:\/\/arroyitoonline.com.ar\/index.php?rest_route=\/wp\/v2\/media\/6826"}],"wp:attachment":[{"href":"https:\/\/arroyitoonline.com.ar\/index.php?rest_route=%2Fwp%2Fv2%2Fmedia&parent=8359"}],"wp:term":[{"taxonomy":"category","embeddable":true,"href":"https:\/\/arroyitoonline.com.ar\/index.php?rest_route=%2Fwp%2Fv2%2Fcategories&post=8359"},{"taxonomy":"post_tag","embeddable":true,"href":"https:\/\/arroyitoonline.com.ar\/index.php?rest_route=%2Fwp%2Fv2%2Ftags&post=8359"}],"curies":[{"name":"wp","href":"https:\/\/api.w.org\/{rel}","templated":true}]}}