{"id":8375,"date":"2020-03-25T22:41:59","date_gmt":"2020-03-25T22:41:59","guid":{"rendered":"https:\/\/arroyitoonline.com.ar\/?p=8375"},"modified":"2020-03-25T22:42:11","modified_gmt":"2020-03-25T22:42:11","slug":"motociclista-y-su-acompanante-fueron-detenidos-por-incumplimiento-del-aislamiento-obligatorio","status":"publish","type":"post","link":"https:\/\/arroyitoonline.com.ar\/?p=8375","title":{"rendered":"Motociclista y su acompa\u00f1ante fueron detenidos por incumplimiento del aislamiento obligatorio"},"content":{"rendered":"\n<p><strong>Se trata de dos j\u00f3venes, uno de 20 y una menor de 16 a\u00f1os. Quedaron alojados en la Comisar\u00eda y el rodado fue secuestrado.<\/strong><\/p>\n\n\n\n<p>Esta ma\u00f1ana, cuando personal policial se encontraba realizando patrullaje preventivo, visualiz\u00f3 que circulaba por Av. Dalle Mura al 848, una motocicleta Guerrero Trip 110 cc azul, sin dominio visible y sin espejos retrovisores. A bordo del rodado iban dos personas, a quienes se les consult\u00f3 por su permanencia en la v\u00eda p\u00fablica y no pudieron justificarla.<\/p>\n\n\n\n<p>Ante esto, la Polic\u00eda los aprehendi\u00f3 y traslad\u00f3 a la Comisar\u00eda local. Se trata de un joven de 20 y una menor de 16 \u00f1os. Se hizo entrega del procedimiento en la Unidad Judicial de Arroyito, donde ambos quedaron alojados por supuesta infracci\u00f3n al Decreto de Necesidad y Urgencia 297\/2020, a disposici\u00f3n de la Fiscal\u00eda de Feria de San Francisco. La moto fue secuestrada.<\/p>\n\n\n\n<p>Fuente: informe del jefe de la Comisar\u00eda Distrito Arroyito, subcomisario Milton Ullua.<\/p>\n","protected":false},"excerpt":{"rendered":"<p>Se trata de dos j\u00f3venes, uno de 20 y una menor de 16 a\u00f1os. Quedaron alojados en la Comisar\u00eda y&hellip;<\/p>\n","protected":false},"author":3,"featured_media":2723,"comment_status":"closed","ping_status":"open","sticky":false,"template":"","format":"standard","meta":{"footnotes":""},"categories":[824],"tags":[1120,66,67,836,1108,1119,471,530,1086,547,572,635,637,638,825,650],"class_list":["post-8375","post","type-post","status-publish","format-standard","has-post-thumbnail","hentry","category-policiales-online","tag-aislamiento","tag-arroyito","tag-arroyito-cordoba","tag-arroyito-online","tag-coronavirus","tag-cuarentena","tag-jovenes","tag-menores","tag-moto","tag-motos","tag-noticias-de-arroyito-y-zona","tag-policia","tag-policiales","tag-policiales-arroyito","tag-policiales-online","tag-prevencion"],"_links":{"self":[{"href":"https:\/\/arroyitoonline.com.ar\/index.php?rest_route=\/wp\/v2\/posts\/8375","targetHints":{"allow":["GET"]}}],"collection":[{"href":"https:\/\/arroyitoonline.com.ar\/index.php?rest_route=\/wp\/v2\/posts"}],"about":[{"href":"https:\/\/arroyitoonline.com.ar\/index.php?rest_route=\/wp\/v2\/types\/post"}],"author":[{"embeddable":true,"href":"https:\/\/arroyitoonline.com.ar\/index.php?rest_route=\/wp\/v2\/users\/3"}],"replies":[{"embeddable":true,"href":"https:\/\/arroyitoonline.com.ar\/index.php?rest_route=%2Fwp%2Fv2%2Fcomments&post=8375"}],"version-history":[{"count":1,"href":"https:\/\/arroyitoonline.com.ar\/index.php?rest_route=\/wp\/v2\/posts\/8375\/revisions"}],"predecessor-version":[{"id":8376,"href":"https:\/\/arroyitoonline.com.ar\/index.php?rest_route=\/wp\/v2\/posts\/8375\/revisions\/8376"}],"wp:featuredmedia":[{"embeddable":true,"href":"https:\/\/arroyitoonline.com.ar\/index.php?rest_route=\/wp\/v2\/media\/2723"}],"wp:attachment":[{"href":"https:\/\/arroyitoonline.com.ar\/index.php?rest_route=%2Fwp%2Fv2%2Fmedia&parent=8375"}],"wp:term":[{"taxonomy":"category","embeddable":true,"href":"https:\/\/arroyitoonline.com.ar\/index.php?rest_route=%2Fwp%2Fv2%2Fcategories&post=8375"},{"taxonomy":"post_tag","embeddable":true,"href":"https:\/\/arroyitoonline.com.ar\/index.php?rest_route=%2Fwp%2Fv2%2Ftags&post=8375"}],"curies":[{"name":"wp","href":"https:\/\/api.w.org\/{rel}","templated":true}]}}