{"id":8380,"date":"2020-03-26T00:35:50","date_gmt":"2020-03-26T00:35:50","guid":{"rendered":"https:\/\/arroyitoonline.com.ar\/?p=8380"},"modified":"2020-03-26T13:32:43","modified_gmt":"2020-03-26T13:32:43","slug":"la-anses-dipuso-un-cronograma-para-el-pago-de-10-000-a-trabajadores-informales-y-monotributistas-a-y-b","status":"publish","type":"post","link":"https:\/\/arroyitoonline.com.ar\/?p=8380","title":{"rendered":"La Anses dipuso un cronograma para el pago de $10.000 a trabajadores informales y monotributistas A y B"},"content":{"rendered":"\n<p><strong>A finales de esta semana comenzar\u00e1 el registro en la web del organismo. La preinscripci\u00f3n ser\u00e1 escalonada seg\u00fan el \u00faltimo n\u00famero del DNI. <\/strong><\/p>\n\n\n\n<p>La Anses inform\u00f3&nbsp;<strong>el cronograma para que quienes percibir\u00e1n el Ingreso Familiar de Emergencia (IFE) comiencen a pre-inscribirse de acuerdo con sus n\u00fameros de DNI.<\/strong><\/p>\n\n\n\n<p>Es un pago de $10 mil para que trabajadores de la econom\u00eda informal, monotributistas de las categor\u00edas m\u00e1s bajas (A y B) y beneficiarias de la AUH y la Asignaci\u00f3n por Embarazo puedan sostenerse mientras dure la cuarentena por coronavirus.&nbsp;<\/p>\n\n\n\n<p><strong>La inscripci\u00f3n comenzar\u00e1 el viernes 27 de marzo y los beneficiarios de la AUH no deben completar ese primer paso.<\/strong><\/p>\n\n\n\n<p>Las personas con DNI finalizado con los n\u00fameros cero y uno tendr\u00e1n que ingresar el viernes 27 en la p\u00e1gina web de la Anses para llenar un aplicativo de pre-inscripci\u00f3n, que les requerir\u00e1 datos m\u00ednimos para que se inicie el tr\u00e1mite de solicitud de este subsidio extraordinario.&nbsp;<\/p>\n\n\n\n<p>Los documentos de identidad terminados en dos y tres deber\u00e1n hacerlo el s\u00e1bado 28; los finalizados en cuatro y cinco el domingo 29; los que terminan en seis y siete el lunes 30. Por \u00faltimo, los DNI cuyos \u00faltimos n\u00fameros sean el ocho y el nueve tendr\u00e1n que llenar el aplicativo en la web el martes 31.<\/p>\n\n\n\n<p>Adem\u00e1s, la Anses <strong><em>&#8220;ruega que los interesados en concretar la pre-inscripci\u00f3n para cobrar este beneficio respeten estrictamente las fechas indicadas<\/em><\/strong><em>, de tal manera que se pueda facilitar el tr\u00e1mite y evitar una congesti\u00f3n de la p\u00e1gina web del organismo que haga m\u00e1s lento o impida su correcto funcionamiento&#8221;.<\/em><\/p>\n\n\n\n<p><strong>Tras la preinscripci\u00f3n se realizar\u00e1 un relevamiento r\u00e1pido de la informaci\u00f3n proporcionada<\/strong>&nbsp;y luego se pedir\u00e1 a los solicitantes nuevos datos complementarios como sus n\u00fameros de cuentas bancarias.<\/p>\n\n\n\n<p><em>&#8220;Es muy importante&nbsp;<\/em><strong><em>que los beneficiarios de la Asignaci\u00f3n Universal por Hijo (AUH) se abstengan de realizar esta pre-inscripci\u00f3n ya que est\u00e1n autom\u00e1ticamente incluidos en el IFE<\/em><\/strong><em>&nbsp;y cobrar\u00e1n los 10.000 pesos en la misma cuenta en la que reciben pagos todos los meses&#8221;<\/em>, remarc\u00f3 la Anses.<\/p>\n\n\n\n<p>Fuente: P\u00e1gina 12.<\/p>\n","protected":false},"excerpt":{"rendered":"<p>A finales de esta semana comenzar\u00e1 el registro en la web del organismo. La preinscripci\u00f3n ser\u00e1 escalonada seg\u00fan el \u00faltimo&hellip;<\/p>\n","protected":false},"author":3,"featured_media":8381,"comment_status":"closed","ping_status":"open","sticky":false,"template":"","format":"standard","meta":{"footnotes":""},"categories":[900],"tags":[54,66,67,836,857,542,572,768],"class_list":["post-8380","post","type-post","status-publish","format-standard","has-post-thumbnail","hentry","category-noticias","tag-anses","tag-arroyito","tag-arroyito-cordoba","tag-arroyito-online","tag-gobierno-nacional","tag-monotributo","tag-noticias-de-arroyito-y-zona","tag-trabajo"],"_links":{"self":[{"href":"https:\/\/arroyitoonline.com.ar\/index.php?rest_route=\/wp\/v2\/posts\/8380","targetHints":{"allow":["GET"]}}],"collection":[{"href":"https:\/\/arroyitoonline.com.ar\/index.php?rest_route=\/wp\/v2\/posts"}],"about":[{"href":"https:\/\/arroyitoonline.com.ar\/index.php?rest_route=\/wp\/v2\/types\/post"}],"author":[{"embeddable":true,"href":"https:\/\/arroyitoonline.com.ar\/index.php?rest_route=\/wp\/v2\/users\/3"}],"replies":[{"embeddable":true,"href":"https:\/\/arroyitoonline.com.ar\/index.php?rest_route=%2Fwp%2Fv2%2Fcomments&post=8380"}],"version-history":[{"count":3,"href":"https:\/\/arroyitoonline.com.ar\/index.php?rest_route=\/wp\/v2\/posts\/8380\/revisions"}],"predecessor-version":[{"id":8388,"href":"https:\/\/arroyitoonline.com.ar\/index.php?rest_route=\/wp\/v2\/posts\/8380\/revisions\/8388"}],"wp:featuredmedia":[{"embeddable":true,"href":"https:\/\/arroyitoonline.com.ar\/index.php?rest_route=\/wp\/v2\/media\/8381"}],"wp:attachment":[{"href":"https:\/\/arroyitoonline.com.ar\/index.php?rest_route=%2Fwp%2Fv2%2Fmedia&parent=8380"}],"wp:term":[{"taxonomy":"category","embeddable":true,"href":"https:\/\/arroyitoonline.com.ar\/index.php?rest_route=%2Fwp%2Fv2%2Fcategories&post=8380"},{"taxonomy":"post_tag","embeddable":true,"href":"https:\/\/arroyitoonline.com.ar\/index.php?rest_route=%2Fwp%2Fv2%2Ftags&post=8380"}],"curies":[{"name":"wp","href":"https:\/\/api.w.org\/{rel}","templated":true}]}}