{"id":8390,"date":"2020-03-26T17:42:29","date_gmt":"2020-03-26T17:42:29","guid":{"rendered":"https:\/\/arroyitoonline.com.ar\/?p=8390"},"modified":"2020-03-26T18:30:16","modified_gmt":"2020-03-26T18:30:16","slug":"el-dueno-de-supermercado-arroyito-volvio-de-chaco-y-fue-a-trabajar-incumpliendo-la-cuarentena","status":"publish","type":"post","link":"https:\/\/arroyitoonline.com.ar\/?p=8390","title":{"rendered":"El due\u00f1o de Supermercado Arroyito volvi\u00f3 de Chaco y fue a trabajar incumpliendo la cuarentena"},"content":{"rendered":"\n<p><strong>Se encendi\u00f3 la alarma entre vecinos del barrio donde se ubica el negocio y\nclientes que fueron al comercio en las \u00faltimas horas. <\/strong><\/p>\n\n\n\n<p>Hoy a las 13:05 horas, la Polic\u00eda recibi\u00f3 un llamado telef\u00f3nico alertando de que el propietario de Supermercado Arroyito \u2013ubicado en Av. Illia 1142- habr\u00eda regresado de la provincia de Chaco (una de las m\u00e1s comprometidas, con 49 infectados de coronavirus) y no estar\u00eda cumpliendo el protocolo de cuarentena establecido por el Gobierno Nacional, para personas procedentes de zonas consideradas de riesgo de contagio de Covid\u201319.<\/p>\n\n\n\n<p>De inmediato, se constituy\u00f3 personal policial el el negocio entrevistando al ciudadano de origen chino, due\u00f1o del local comercial, quien confirm\u00f3 que ayer hab\u00eda vuelto desde Chaco. Se constat\u00f3 que no cumpl\u00eda con el Aislamiento Social Preventivo y Obligatorio, ya que se encontraba atendiendo al p\u00fablico.<\/p>\n\n\n\n<figure class=\"wp-block-image\"><img loading=\"lazy\" decoding=\"async\" width=\"1024\" height=\"576\" src=\"https:\/\/arroyitoonline.com.ar\/wp-content\/uploads\/2020\/03\/operativo-s\u00faper-chino-1024x576.jpg\" alt=\"\" class=\"wp-image-8391\" srcset=\"https:\/\/arroyitoonline.com.ar\/wp-content\/uploads\/2020\/03\/operativo-s\u00faper-chino-1024x576.jpg 1024w, https:\/\/arroyitoonline.com.ar\/wp-content\/uploads\/2020\/03\/operativo-s\u00faper-chino-300x169.jpg 300w, https:\/\/arroyitoonline.com.ar\/wp-content\/uploads\/2020\/03\/operativo-s\u00faper-chino-768x432.jpg 768w, https:\/\/arroyitoonline.com.ar\/wp-content\/uploads\/2020\/03\/operativo-s\u00faper-chino.jpg 1280w\" sizes=\"auto, (max-width: 1024px) 100vw, 1024px\" \/><figcaption><em>El operativo desplegado en Supermercado Arroyito<\/em><\/figcaption><\/figure>\n\n\n\n<p>A continuaci\u00f3n, el magistrado de turno de Fiscal\u00eda de Instrucci\u00f3n imparti\u00f3 la directiva de que se hagan presentes agentes de Bromatolog\u00eda y Sanidad labr\u00e1ndose las actuaciones, por supuesta infracci\u00f3n al Decreto Presidencial de Necesidad y Urgencia 297\/202.<\/p>\n\n\n\n<p>No se dictamin\u00f3 la clausura del comercio, pero s\u00ed su cierre moment\u00e1neo, ordenando, adem\u00e1s, la obligatoriedad de que todos los empleados del comercio cumplan con la cuarentena.<\/p>\n\n\n\n<figure class=\"wp-block-image\"><img loading=\"lazy\" decoding=\"async\" width=\"1024\" height=\"1024\" src=\"https:\/\/arroyitoonline.com.ar\/wp-content\/uploads\/2020\/03\/tel\u00e9fonos-\u00fatiles-1024x1024.jpeg\" alt=\"\" class=\"wp-image-8367\" srcset=\"https:\/\/arroyitoonline.com.ar\/wp-content\/uploads\/2020\/03\/tel\u00e9fonos-\u00fatiles-1024x1024.jpeg 1024w, https:\/\/arroyitoonline.com.ar\/wp-content\/uploads\/2020\/03\/tel\u00e9fonos-\u00fatiles-150x150.jpeg 150w, https:\/\/arroyitoonline.com.ar\/wp-content\/uploads\/2020\/03\/tel\u00e9fonos-\u00fatiles-300x300.jpeg 300w, https:\/\/arroyitoonline.com.ar\/wp-content\/uploads\/2020\/03\/tel\u00e9fonos-\u00fatiles-768x768.jpeg 768w, https:\/\/arroyitoonline.com.ar\/wp-content\/uploads\/2020\/03\/tel\u00e9fonos-\u00fatiles.jpeg 1181w\" sizes=\"auto, (max-width: 1024px) 100vw, 1024px\" \/><figcaption><em>Si estuviste en el s\u00faper notificalo y ped\u00ed indicaciones<\/em><\/figcaption><\/figure>\n\n\n\n<p><strong>Informaci\u00f3n para clientes y vecinos<\/strong><\/p>\n\n\n\n<p>Si estuviste en Supermercado Arroyito en las \u00faltimas horas no salgas de tu casa (no vayas ni a la Comisar\u00eda ni a la Guardia). Para tu tranquilidad comunicate a los n\u00fameros de tel\u00e9fono del <strong>Hospital Municipal Carlos J. Rodr\u00edguez 03576 421190 | 420386 | 421888 | 421177 | 15476810<\/strong> (solo si ten\u00e9s s\u00edntomas y v\u00eda WhatsApp o SMS). Por ese medio te brindar\u00e1n indicaciones.<\/p>\n\n\n\n<p>Fuente: informe del jefe de la Comisar\u00eda Distrito Arroyito, subcomisario Milton Ullua.  <\/p>\n\n\n\n<p>Agradecemos las fotos a los vecinos.<\/p>\n","protected":false},"excerpt":{"rendered":"<p>Se encendi\u00f3 la alarma entre vecinos del barrio donde se ubica el negocio y clientes que fueron al comercio en&hellip;<\/p>\n","protected":false},"author":3,"featured_media":8392,"comment_status":"closed","ping_status":"open","sticky":false,"template":"","format":"standard","meta":{"footnotes":""},"categories":[824],"tags":[1120,66,67,836,1108,1119,426,572,635,637,638,825],"class_list":["post-8390","post","type-post","status-publish","format-standard","has-post-thumbnail","hentry","category-policiales-online","tag-aislamiento","tag-arroyito","tag-arroyito-cordoba","tag-arroyito-online","tag-coronavirus","tag-cuarentena","tag-hospital","tag-noticias-de-arroyito-y-zona","tag-policia","tag-policiales","tag-policiales-arroyito","tag-policiales-online"],"_links":{"self":[{"href":"https:\/\/arroyitoonline.com.ar\/index.php?rest_route=\/wp\/v2\/posts\/8390","targetHints":{"allow":["GET"]}}],"collection":[{"href":"https:\/\/arroyitoonline.com.ar\/index.php?rest_route=\/wp\/v2\/posts"}],"about":[{"href":"https:\/\/arroyitoonline.com.ar\/index.php?rest_route=\/wp\/v2\/types\/post"}],"author":[{"embeddable":true,"href":"https:\/\/arroyitoonline.com.ar\/index.php?rest_route=\/wp\/v2\/users\/3"}],"replies":[{"embeddable":true,"href":"https:\/\/arroyitoonline.com.ar\/index.php?rest_route=%2Fwp%2Fv2%2Fcomments&post=8390"}],"version-history":[{"count":5,"href":"https:\/\/arroyitoonline.com.ar\/index.php?rest_route=\/wp\/v2\/posts\/8390\/revisions"}],"predecessor-version":[{"id":8398,"href":"https:\/\/arroyitoonline.com.ar\/index.php?rest_route=\/wp\/v2\/posts\/8390\/revisions\/8398"}],"wp:featuredmedia":[{"embeddable":true,"href":"https:\/\/arroyitoonline.com.ar\/index.php?rest_route=\/wp\/v2\/media\/8392"}],"wp:attachment":[{"href":"https:\/\/arroyitoonline.com.ar\/index.php?rest_route=%2Fwp%2Fv2%2Fmedia&parent=8390"}],"wp:term":[{"taxonomy":"category","embeddable":true,"href":"https:\/\/arroyitoonline.com.ar\/index.php?rest_route=%2Fwp%2Fv2%2Fcategories&post=8390"},{"taxonomy":"post_tag","embeddable":true,"href":"https:\/\/arroyitoonline.com.ar\/index.php?rest_route=%2Fwp%2Fv2%2Ftags&post=8390"}],"curies":[{"name":"wp","href":"https:\/\/api.w.org\/{rel}","templated":true}]}}