{"id":8403,"date":"2020-03-27T02:47:25","date_gmt":"2020-03-27T02:47:25","guid":{"rendered":"https:\/\/arroyitoonline.com.ar\/?p=8403"},"modified":"2020-03-27T02:47:35","modified_gmt":"2020-03-27T02:47:35","slug":"el-gobierno-municipal-informo-que-el-dueno-del-super-que-vino-de-chaco-esta-en-perfecto-estado-de-salud","status":"publish","type":"post","link":"https:\/\/arroyitoonline.com.ar\/?p=8403","title":{"rendered":"El Gobierno Municipal inform\u00f3 que el due\u00f1o del s\u00faper que vino de Chaco est\u00e1 &#8220;en perfecto estado de salud&#8221;"},"content":{"rendered":"\n<p><strong>El hombre de nacionalidad china fue imputado por la violaci\u00f3n del Aislamiento Social Preventivo y Obligatorio.<\/strong><\/p>\n\n\n\n<p>Ante el caso de una persona que arrib\u00f3 de la provincia del Chaco a la ciudad, sin autorizaci\u00f3n para circular, y atendi\u00f3 un supermercado local el d\u00eda de ayer, se han tomado las siguientes medidas:<\/p>\n\n\n\n<p>La Polic\u00eda imput\u00f3 a esta persona por el incumplimiento del DNU 297\/2020 de Presidencia de la Naci\u00f3n, que indica que la totalidad de la poblaci\u00f3n debe permanecer en Aislamiento Social Preventivo y Obligatorio hasta el 31 de marzo y, por ello, la Direcci\u00f3n de Habilitaciones de Comercio y Bromatolog\u00eda ha cerrado el negocio solo por d\u00eda de hoy, para que cese la conducta infractora.<\/p>\n\n\n\n<p>La totalidad de la poblaci\u00f3n que haya tenido contacto con esta persona, sus familiares o empleados, as\u00ed como cualquier vecino que haya concurrido al supermercado en los d\u00edas de ayer u hoy, no se considera <em>\u201ccaso sospechoso\u201d<\/em>, ni de <em>\u201ccontacto estrecho\u201d<\/em>, porque el ciudadano no provino de una zona de riesgo (Estados Unidos, Europa, China, Jap\u00f3n, Ir\u00e1n, Corea del Sur, ahora tambi\u00e9n Brasil y Chile), ni estuvo en contacto con ning\u00fan caso confirmado de Covid \u2013 19. El ciudadano esta en perfecto estado de salud y solo transit\u00f3 por el territorio argentino.<\/p>\n\n\n\n<p>Por otra parte, desde el Gobierno Municipal recuerdan a la poblaci\u00f3n que existe una diferencia entre el Aislamiento Obligatorio o cuarentena de 14 d\u00edas y el Aislamiento Social Preventivo y Obligatorio.<br><\/p>\n\n\n\n<p>El Aislamiento Obligatorio por 14 d\u00edas, est\u00e1 determinado como acci\u00f3n preventiva para las siguientes personas:<br>\u2013 Los casos confirmados de haber contra\u00eddo Covid \u2013 19.<br>\u2013 Los que arriben al pa\u00eds habiendo transitado por zonas afectadas (Estados Unidos, Europa, China, Jap\u00f3n, Ir\u00e1n, Corea del Sur, ahora tambi\u00e9n Brasil y Chile).<br>\u2013 Los que hayan arribado al pa\u00eds en los \u00faltimos 14 d\u00edas, habiendo transitado por zonas afectadas (Estados Unidos, Europa, China, Jap\u00f3n, Ir\u00e1n, Corea del Sur, ahora tambi\u00e9n Brasil y Chile).<br>\u2013 Los Casos Sospechosos (aquellas personas que presentan fiebre y uno o m\u00e1s s\u00edntomas respiratorios \u2013tos, dolor de garganta, dificultad al respirar- y que adem\u00e1s tengan historial de viaje a \u201czonas afectadas\u201d o hayan estado en contacto con casos confirmados o probables de Covid \u2013 19).<br><\/p>\n\n\n\n<p>Mientras que el Aislamiento Social Preventivo y Obligatorio rige para la totalidad de la poblaci\u00f3n, salvo excepciones, y est\u00e1 establecido, por el momento, hasta el 31 de marzo.<br><\/p>\n\n\n\n<p>Quienes incumplan cualquiera de las dos normativas, ser\u00e1n imputados por el sistema de Justicia y deber\u00e1n afrontar las penas que se establecen en la legislaci\u00f3n vigente.<\/p>\n\n\n\n<p>Fuente: Comunicaci\u00f3n y Protocolo del Gobierno Municipal. <\/p>\n","protected":false},"excerpt":{"rendered":"<p>El hombre de nacionalidad china fue imputado por la violaci\u00f3n del Aislamiento Social Preventivo y Obligatorio. Ante el caso de&hellip;<\/p>\n","protected":false},"author":3,"featured_media":8392,"comment_status":"closed","ping_status":"open","sticky":false,"template":"","format":"standard","meta":{"footnotes":""},"categories":[829],"tags":[1120,66,67,836,134,1108,1119,1102,572,635,638,745],"class_list":["post-8403","post","type-post","status-publish","format-standard","has-post-thumbnail","hentry","category-municipales-online","tag-aislamiento","tag-arroyito","tag-arroyito-cordoba","tag-arroyito-online","tag-bromatologia","tag-coronavirus","tag-cuarentena","tag-gobierno-municipal","tag-noticias-de-arroyito-y-zona","tag-policia","tag-policiales-arroyito","tag-supermercados"],"_links":{"self":[{"href":"https:\/\/arroyitoonline.com.ar\/index.php?rest_route=\/wp\/v2\/posts\/8403","targetHints":{"allow":["GET"]}}],"collection":[{"href":"https:\/\/arroyitoonline.com.ar\/index.php?rest_route=\/wp\/v2\/posts"}],"about":[{"href":"https:\/\/arroyitoonline.com.ar\/index.php?rest_route=\/wp\/v2\/types\/post"}],"author":[{"embeddable":true,"href":"https:\/\/arroyitoonline.com.ar\/index.php?rest_route=\/wp\/v2\/users\/3"}],"replies":[{"embeddable":true,"href":"https:\/\/arroyitoonline.com.ar\/index.php?rest_route=%2Fwp%2Fv2%2Fcomments&post=8403"}],"version-history":[{"count":1,"href":"https:\/\/arroyitoonline.com.ar\/index.php?rest_route=\/wp\/v2\/posts\/8403\/revisions"}],"predecessor-version":[{"id":8404,"href":"https:\/\/arroyitoonline.com.ar\/index.php?rest_route=\/wp\/v2\/posts\/8403\/revisions\/8404"}],"wp:featuredmedia":[{"embeddable":true,"href":"https:\/\/arroyitoonline.com.ar\/index.php?rest_route=\/wp\/v2\/media\/8392"}],"wp:attachment":[{"href":"https:\/\/arroyitoonline.com.ar\/index.php?rest_route=%2Fwp%2Fv2%2Fmedia&parent=8403"}],"wp:term":[{"taxonomy":"category","embeddable":true,"href":"https:\/\/arroyitoonline.com.ar\/index.php?rest_route=%2Fwp%2Fv2%2Fcategories&post=8403"},{"taxonomy":"post_tag","embeddable":true,"href":"https:\/\/arroyitoonline.com.ar\/index.php?rest_route=%2Fwp%2Fv2%2Ftags&post=8403"}],"curies":[{"name":"wp","href":"https:\/\/api.w.org\/{rel}","templated":true}]}}