{"id":8412,"date":"2020-03-27T21:53:51","date_gmt":"2020-03-27T21:53:51","guid":{"rendered":"https:\/\/arroyitoonline.com.ar\/?p=8412"},"modified":"2020-03-30T17:06:52","modified_gmt":"2020-03-30T17:06:52","slug":"covid-19-se-activo-el-protocolo-en-arroyito-por-caso-sospechoso-de-un-camionero-que-venia-de-reconquista","status":"publish","type":"post","link":"https:\/\/arroyitoonline.com.ar\/?p=8412","title":{"rendered":"Covid\u201319: se activo el protocolo en Arroyito, por caso sospechoso de un camionero que ven\u00eda de Reconquista"},"content":{"rendered":"\n<p><strong>El transportista, que trabaja en una empresa local, presentaba s\u00edntomas compatibles con los del coronavirus y fue derivado a San Francisco.<\/strong><\/p>\n\n\n\n<p>Anoche a las 23:00 horas, se activ\u00f3 el protocolo por caso sospechoso de coronavirus en nuestra ciudad. Se trata de un camionero que trabaja en una firma local, el cual ven\u00eda desde Reconquista (provincia de Santa Fe), y manifest\u00f3 que, durante el viaje, se sent\u00eda descompuesto con <strong>s\u00edntomas compatibles con los del Covid\u201319<\/strong>.<\/p>\n\n\n\n<p>La informaci\u00f3n fue confirmada, primero por la m\u00e9dica\ninfect\u00f3loga M\u00f3nica Rodr\u00edguez y, hace minutos, por el jefe de la Comisar\u00eda\nDistrito Arroyito, subcomisario Milton Ullua. <\/p>\n\n\n\n<p>En su regreso, el transportista par\u00f3 en San Francisco para que lo que revisaran y, en un nosocomio de esa ciudad, le dijeron que estaba bien y no presentaba ninguna sospecha.<\/p>\n\n\n\n<p>Desde all\u00ed fue tra\u00eddo hasta su casa de Arroyito, por un compa\u00f1ero de trabajo. En pleno traslado, el doctor Gerardo Galimbertti (m\u00e9dico de la empresa en la que trabaja) fue notificado al respecto y lo que llam\u00f3 su atenci\u00f3n, fue que el hombre presentaba falta de aire, que se sent\u00eda mal y hab\u00eda tenido fiebre. <\/p>\n\n\n\n<p>Cuando arrib\u00f3 a esta localidad, se activ\u00f3 la vigilancia y lo visit\u00f3 en su casa el m\u00e9dico Sergio Quinteros, que no lo encontr\u00f3 bien, por lo que orden\u00f3 que lo internaran en el Hospital Municipal Carlos J. Rodr\u00edguez.<\/p>\n\n\n\n<p>Cuando fue monitoreado, el camionero presentaba alta temperatura, ten\u00eda frecuencia respiratoria por encima de los valores normales y se encontraba algo confuso.<\/p>\n\n\n\n<p>A continuaci\u00f3n, el paciente fue derivado al hospital\nIturraspe de San Francisco, para que le hicieran las determinaciones. <\/p>\n\n\n\n<p>En este momento, la familia del hombre cumple aislamiento y est\u00e1 monitorizada. Lo mismo ocurre con el compa\u00f1ero que lo trajo hasta Arroyito, quien se considera que tuvo contacto estrecho con el caso sospechoso.<\/p>\n\n\n\n<p>A esta hora se esperan los resultados de su evoluci\u00f3n y del hisopado correspondiente ya enviado al Laboratorio Central de la Provincia de C\u00f3rdoba, que determinar\u00e1 o no el diagn\u00f3stico de coronavirus. <\/p>\n\n\n\n<p>Por su parte, todas las personas de la ciudad que tuvieron cercan\u00eda con el camionero se encuentran identificadas y habr\u00edan sido notificadas. <\/p>\n","protected":false},"excerpt":{"rendered":"<p>El transportista, que trabaja en una empresa local, presentaba s\u00edntomas compatibles con los del coronavirus y fue derivado a San&hellip;<\/p>\n","protected":false},"author":3,"featured_media":7160,"comment_status":"closed","ping_status":"open","sticky":false,"template":"","format":"standard","meta":{"footnotes":""},"categories":[9],"tags":[1120,66,67,836,1108,1119,572,706],"class_list":["post-8412","post","type-post","status-publish","format-standard","has-post-thumbnail","hentry","category-infosalud","tag-aislamiento","tag-arroyito","tag-arroyito-cordoba","tag-arroyito-online","tag-coronavirus","tag-cuarentena","tag-noticias-de-arroyito-y-zona","tag-salud"],"_links":{"self":[{"href":"https:\/\/arroyitoonline.com.ar\/index.php?rest_route=\/wp\/v2\/posts\/8412","targetHints":{"allow":["GET"]}}],"collection":[{"href":"https:\/\/arroyitoonline.com.ar\/index.php?rest_route=\/wp\/v2\/posts"}],"about":[{"href":"https:\/\/arroyitoonline.com.ar\/index.php?rest_route=\/wp\/v2\/types\/post"}],"author":[{"embeddable":true,"href":"https:\/\/arroyitoonline.com.ar\/index.php?rest_route=\/wp\/v2\/users\/3"}],"replies":[{"embeddable":true,"href":"https:\/\/arroyitoonline.com.ar\/index.php?rest_route=%2Fwp%2Fv2%2Fcomments&post=8412"}],"version-history":[{"count":3,"href":"https:\/\/arroyitoonline.com.ar\/index.php?rest_route=\/wp\/v2\/posts\/8412\/revisions"}],"predecessor-version":[{"id":8448,"href":"https:\/\/arroyitoonline.com.ar\/index.php?rest_route=\/wp\/v2\/posts\/8412\/revisions\/8448"}],"wp:featuredmedia":[{"embeddable":true,"href":"https:\/\/arroyitoonline.com.ar\/index.php?rest_route=\/wp\/v2\/media\/7160"}],"wp:attachment":[{"href":"https:\/\/arroyitoonline.com.ar\/index.php?rest_route=%2Fwp%2Fv2%2Fmedia&parent=8412"}],"wp:term":[{"taxonomy":"category","embeddable":true,"href":"https:\/\/arroyitoonline.com.ar\/index.php?rest_route=%2Fwp%2Fv2%2Fcategories&post=8412"},{"taxonomy":"post_tag","embeddable":true,"href":"https:\/\/arroyitoonline.com.ar\/index.php?rest_route=%2Fwp%2Fv2%2Ftags&post=8412"}],"curies":[{"name":"wp","href":"https:\/\/api.w.org\/{rel}","templated":true}]}}