{"id":8414,"date":"2020-03-27T12:20:28","date_gmt":"2020-03-27T12:20:28","guid":{"rendered":"https:\/\/arroyitoonline.com.ar\/?p=8414"},"modified":"2020-03-28T00:30:41","modified_gmt":"2020-03-28T00:30:41","slug":"esta-abierta-la-preinscripcion-para-el-ingreso-familiar-de-emergencia-de-10-000","status":"publish","type":"post","link":"https:\/\/arroyitoonline.com.ar\/?p=8414","title":{"rendered":"Est\u00e1 abierta la preinscripci\u00f3n para el Ingreso Familiar de Emergencia de $10.000"},"content":{"rendered":"\n<p><strong>Se realiza entre el viernes 27 y el martes 31 de marzo completando un formulario online, seg\u00fan la terminaci\u00f3n del DNI. <\/strong><\/p>\n\n\n\n<p>En el marco de la emergencia sanitaria, el Gobierno Nacional dispuso un Ingreso Familiar de Emergencia (IFE) para trabajadores informales y monotributistas de las primeras categor\u00edas.<\/p>\n\n\n\n<p>La preinscripci\u00f3n se realiza entre el viernes 27 y el martes 31 de marzo completando un formulario online, seg\u00fan la terminaci\u00f3n del DNI.<\/p>\n\n\n\n<p>DNI terminado en 0 y 1: viernes 27<br>DNI terminado en 2 y 3: s\u00e1bado 28<br>DNI terminado en 4 y 5: domingo 29<br>DNI terminado en 6 y 7: lunes 30<br>DNI terminado en 8 y 9: martes 31<\/p>\n\n\n\n<p>Inscribite haciendo click en este link:\u00a0<a href=\"https:\/\/www.anses.gob.ar\/ingreso-familiar-de-emergencia\">https:\/\/www.anses.gob.ar\/ingreso-familiar-de-emergencia<\/a><br><\/p>\n\n\n\n<figure class=\"wp-block-image\"><img loading=\"lazy\" decoding=\"async\" width=\"1024\" height=\"1024\" src=\"https:\/\/arroyitoonline.com.ar\/wp-content\/uploads\/2020\/03\/ingreso-familiar-de-emergencia-1024x1024.jpeg\" alt=\"\" class=\"wp-image-8415\" srcset=\"https:\/\/arroyitoonline.com.ar\/wp-content\/uploads\/2020\/03\/ingreso-familiar-de-emergencia-1024x1024.jpeg 1024w, https:\/\/arroyitoonline.com.ar\/wp-content\/uploads\/2020\/03\/ingreso-familiar-de-emergencia-150x150.jpeg 150w, https:\/\/arroyitoonline.com.ar\/wp-content\/uploads\/2020\/03\/ingreso-familiar-de-emergencia-300x300.jpeg 300w, https:\/\/arroyitoonline.com.ar\/wp-content\/uploads\/2020\/03\/ingreso-familiar-de-emergencia-768x768.jpeg 768w, https:\/\/arroyitoonline.com.ar\/wp-content\/uploads\/2020\/03\/ingreso-familiar-de-emergencia.jpeg 1181w\" sizes=\"auto, (max-width: 1024px) 100vw, 1024px\" \/><\/figure>\n\n\n\n<p>Si cobr\u00e1s Asignaci\u00f3n Universal por Hijo o por Embarazo no ten\u00e9s que hacer este tr\u00e1mite, ya que el cobro ser\u00e1 autom\u00e1tico si cumpl\u00eds con los requisitos.<\/p>\n\n\n\n<p>Adem\u00e1s, personal municipal est\u00e1 realizando los tr\u00e1mites online para quienes no puedan hacer la preinscripci\u00f3n dispuesta. Para consultas pod\u00e9s comunicarte a los tel\u00e9fonos:<\/p>\n\n\n\n<p>453930 >> tel\u00e9fono fijo<br>3576 447326 >> llamadas y WhatsApp<br>3576 484153 >> llamadas y WhatsApp<\/p>\n\n\n\n<p>\u00bfA qui\u00e9nes les corresponde? Trabajadores y trabajadoras informales; trabajadores y trabajadoras de casas particulares; monotributistas sociales; monotributistas de las categor\u00edas A y B.<\/p>\n\n\n\n<p>Requisitos<br>&#8211;\u00a0\u00a0 \u00a0Ser argentino nativo o naturalizado y residente, con una residencia legal en el pa\u00eds no inferior a dos a\u00f1os<br>&#8211;\u00a0\u00a0\u00a0 Tener entre 18 y 65 a\u00f1os; \u00a0<br>&#8211;\u00a0\u00a0 \u00a0Que el titular o su grupo familiar no tenga ingresos provenientes de:<br>o\u00a0\u00a0 \u00a0un trabajo en relaci\u00f3n de dependencia en el sector p\u00fablico o privado.<br>o\u00a0\u00a0 \u00a0ser monotributista de categor\u00eda C o superior, o del r\u00e9gimen de aut\u00f3nomos.<br>o\u00a0\u00a0 \u00a0una prestaci\u00f3n de desempleo.<br>o\u00a0\u00a0 \u00a0jubilaciones, pensiones o retiros contributivos o no contributivos nacionales, provinciales, municipales o de la Ciudad Aut\u00f3noma de Buenos Aires.<br>o\u00a0\u00a0 \u00a0planes sociales, salario social complementario, Hacemos Futuro, Potenciar Trabajo u otros programas sociales nacionales, provinciales o municipales.<\/p>\n\n\n\n<p>El IFE es compatible con el cobro de la Asignaci\u00f3n Universal por Hijo, la Asignaci\u00f3n por Embarazo y el programa Progresar.<\/p>\n\n\n\n<p><strong>Monto<\/strong><br><\/p>\n\n\n\n<p>$10.000 por \u00fanica vez en el mes de abril. Lo cobrar\u00e1 solo un integrante del grupo familiar.<\/p>\n\n\n\n<p><strong>Tr\u00e1mite<\/strong><\/p>\n\n\n\n<p>Se realiza solo completando un formulario por internet.<br>Una vez finalizada la preinscripci\u00f3n, Anses analizar\u00e1 la informaci\u00f3n y podr\u00e1 solicitar datos complementarios, por ejemplo, una cuenta bancaria para el pago.<\/p>\n\n\n\n<figure class=\"wp-block-image\"><img decoding=\"async\" src=\"http:\/\/www.municipioarroyito.gob.ar\/images\/sitio\/noticias\/inicio\/2020\/WhatsApp_Image_2020-03-27_at_10.17.08_AM.jpeg\" alt=\"WhatsApp Image 2020 03 27 at 10.17.08 AM\"\/><\/figure>\n\n\n\n<p>Fuente: Comunicaci\u00f3n y Protocolo del Gobierno Municipal.<\/p>\n","protected":false},"excerpt":{"rendered":"<p>Se realiza entre el viernes 27 y el martes 31 de marzo completando un formulario online, seg\u00fan la terminaci\u00f3n del&hellip;<\/p>\n","protected":false},"author":3,"featured_media":8343,"comment_status":"closed","ping_status":"open","sticky":false,"template":"","format":"standard","meta":{"footnotes":""},"categories":[1106],"tags":[66,67,836,1108,1102,857,542,572,768],"class_list":["post-8414","post","type-post","status-publish","format-standard","has-post-thumbnail","hentry","category-trabajo","tag-arroyito","tag-arroyito-cordoba","tag-arroyito-online","tag-coronavirus","tag-gobierno-municipal","tag-gobierno-nacional","tag-monotributo","tag-noticias-de-arroyito-y-zona","tag-trabajo"],"_links":{"self":[{"href":"https:\/\/arroyitoonline.com.ar\/index.php?rest_route=\/wp\/v2\/posts\/8414","targetHints":{"allow":["GET"]}}],"collection":[{"href":"https:\/\/arroyitoonline.com.ar\/index.php?rest_route=\/wp\/v2\/posts"}],"about":[{"href":"https:\/\/arroyitoonline.com.ar\/index.php?rest_route=\/wp\/v2\/types\/post"}],"author":[{"embeddable":true,"href":"https:\/\/arroyitoonline.com.ar\/index.php?rest_route=\/wp\/v2\/users\/3"}],"replies":[{"embeddable":true,"href":"https:\/\/arroyitoonline.com.ar\/index.php?rest_route=%2Fwp%2Fv2%2Fcomments&post=8414"}],"version-history":[{"count":1,"href":"https:\/\/arroyitoonline.com.ar\/index.php?rest_route=\/wp\/v2\/posts\/8414\/revisions"}],"predecessor-version":[{"id":8416,"href":"https:\/\/arroyitoonline.com.ar\/index.php?rest_route=\/wp\/v2\/posts\/8414\/revisions\/8416"}],"wp:featuredmedia":[{"embeddable":true,"href":"https:\/\/arroyitoonline.com.ar\/index.php?rest_route=\/wp\/v2\/media\/8343"}],"wp:attachment":[{"href":"https:\/\/arroyitoonline.com.ar\/index.php?rest_route=%2Fwp%2Fv2%2Fmedia&parent=8414"}],"wp:term":[{"taxonomy":"category","embeddable":true,"href":"https:\/\/arroyitoonline.com.ar\/index.php?rest_route=%2Fwp%2Fv2%2Fcategories&post=8414"},{"taxonomy":"post_tag","embeddable":true,"href":"https:\/\/arroyitoonline.com.ar\/index.php?rest_route=%2Fwp%2Fv2%2Ftags&post=8414"}],"curies":[{"name":"wp","href":"https:\/\/api.w.org\/{rel}","templated":true}]}}