{"id":8420,"date":"2020-03-28T01:16:28","date_gmt":"2020-03-28T01:16:28","guid":{"rendered":"https:\/\/arroyitoonline.com.ar\/?p=8420"},"modified":"2020-03-28T01:20:10","modified_gmt":"2020-03-28T01:20:10","slug":"ascienden-a-26-los-casos-de-dengue-en-arroyito","status":"publish","type":"post","link":"https:\/\/arroyitoonline.com.ar\/?p=8420","title":{"rendered":"Ascienden a 26, los casos de dengue en Arroyito"},"content":{"rendered":"\n<p><strong>Tres pacientes se encuentran internados y evolucionan de manera favorable. Los dem\u00e1s ya est\u00e1n recuperados. <\/strong><\/p>\n\n\n\n<p>Al d\u00eda de hoy no se registran casos positivos de coronavirus en la ciudad, pero s\u00ed se advierte un paciente sospechoso de Covid\u201319.<\/p>\n\n\n\n<p>Se trata de un ciudadano de Arroyito, de ocupaci\u00f3n transportista, que <a href=\"https:\/\/arroyitoonline.com.ar\/info-online\/infosalud\/covid-19-se-activo-el-protocolo-en-arroyito-por-caso-sospechoso-de-un-camionero-que-venia-de-chaco\/\">arrib\u00f3 del Chaco ayer por la noche presentando s\u00edntomas<\/a>. Cuando lleg\u00f3 se mantuvo aislado en su domicilio y se comunic\u00f3 con el hospital, siendo atendido en su casa de manera inmediata e internado en aislamiento en el nosocomio local.<\/p>\n\n\n\n<p>Luego de su internaci\u00f3n fue derivado a San Francisco, lugar en el que el Gobierno de la Provincia de C\u00f3rdoba recepta los casos sospechosos. Sus contactos estrechos fueron notificados y aislados de forma domiciliaria.<br><\/p>\n\n\n\n<p>Por otra parte, se registran 10 nuevos casos de dengue, alcanzando un total de 26&nbsp;infectados, desde el inicio de a\u00f1o.&nbsp;Aunque, al d\u00eda de hoy, solo se encuentran internados tres pacientes que evolucionan de manera favorable y los dem\u00e1s ya est\u00e1n recuperados.<\/p>\n\n\n\n<p>Este viernes, el Gobierno Municipal fumig\u00f3 de forma espacial contra el mosquito aedes aegypti, seg\u00fan el bloqueo que indica el protocolo, la manzana de los casos \u00edndices y ocho manzanas a su alrededor.<\/p>\n\n\n\n<p>Adem\u00e1s se pulveriz\u00f3 la ciudad, desde la Av. Pont\u00edn hacia el oeste, la zona del Cementerio, bald\u00edos, Barrio Arcor, el canal de desag\u00fce y la Laguna de Retardo, que est\u00e1n en la zona del Puente de Circunvalaci\u00f3n.<\/p>\n\n\n\n<p>Fuente: Comunicaci\u00f3n y Protocolo del Gobierno Municipal.<\/p>\n","protected":false},"excerpt":{"rendered":"<p>Tres pacientes se encuentran internados y evolucionan de manera favorable. Los dem\u00e1s ya est\u00e1n recuperados. Al d\u00eda de hoy no&hellip;<\/p>\n","protected":false},"author":3,"featured_media":7577,"comment_status":"closed","ping_status":"open","sticky":false,"template":"","format":"standard","meta":{"footnotes":""},"categories":[9],"tags":[1120,66,67,836,1108,1119,272,404,1102,572],"class_list":["post-8420","post","type-post","status-publish","format-standard","has-post-thumbnail","hentry","category-infosalud","tag-aislamiento","tag-arroyito","tag-arroyito-cordoba","tag-arroyito-online","tag-coronavirus","tag-cuarentena","tag-dengue","tag-gobierno-de-cordoba","tag-gobierno-municipal","tag-noticias-de-arroyito-y-zona"],"_links":{"self":[{"href":"https:\/\/arroyitoonline.com.ar\/index.php?rest_route=\/wp\/v2\/posts\/8420","targetHints":{"allow":["GET"]}}],"collection":[{"href":"https:\/\/arroyitoonline.com.ar\/index.php?rest_route=\/wp\/v2\/posts"}],"about":[{"href":"https:\/\/arroyitoonline.com.ar\/index.php?rest_route=\/wp\/v2\/types\/post"}],"author":[{"embeddable":true,"href":"https:\/\/arroyitoonline.com.ar\/index.php?rest_route=\/wp\/v2\/users\/3"}],"replies":[{"embeddable":true,"href":"https:\/\/arroyitoonline.com.ar\/index.php?rest_route=%2Fwp%2Fv2%2Fcomments&post=8420"}],"version-history":[{"count":2,"href":"https:\/\/arroyitoonline.com.ar\/index.php?rest_route=\/wp\/v2\/posts\/8420\/revisions"}],"predecessor-version":[{"id":8422,"href":"https:\/\/arroyitoonline.com.ar\/index.php?rest_route=\/wp\/v2\/posts\/8420\/revisions\/8422"}],"wp:featuredmedia":[{"embeddable":true,"href":"https:\/\/arroyitoonline.com.ar\/index.php?rest_route=\/wp\/v2\/media\/7577"}],"wp:attachment":[{"href":"https:\/\/arroyitoonline.com.ar\/index.php?rest_route=%2Fwp%2Fv2%2Fmedia&parent=8420"}],"wp:term":[{"taxonomy":"category","embeddable":true,"href":"https:\/\/arroyitoonline.com.ar\/index.php?rest_route=%2Fwp%2Fv2%2Fcategories&post=8420"},{"taxonomy":"post_tag","embeddable":true,"href":"https:\/\/arroyitoonline.com.ar\/index.php?rest_route=%2Fwp%2Fv2%2Ftags&post=8420"}],"curies":[{"name":"wp","href":"https:\/\/api.w.org\/{rel}","templated":true}]}}