{"id":8423,"date":"2020-03-28T23:14:53","date_gmt":"2020-03-28T23:14:53","guid":{"rendered":"https:\/\/arroyitoonline.com.ar\/?p=8423"},"modified":"2020-03-29T01:47:14","modified_gmt":"2020-03-29T01:47:14","slug":"concejales-radicales-presentaron-proyecto-para-que-la-planta-politica-se-reduzca-un-20-el-sueldo","status":"publish","type":"post","link":"https:\/\/arroyitoonline.com.ar\/?p=8423","title":{"rendered":"Concejales radicales presentaron proyecto para que la planta pol\u00edtica se reduzca un 20% el sueldo"},"content":{"rendered":"\n<p><strong>Se excluye a personal de Salud. En otro proyecto, Mart\u00ednez, Cravero y Francisca solicitan que se exima del pago de tasas de Comercio e Industria mientras dure la cuarentena.<\/strong><\/p>\n\n\n\n<p>El Bloque de concejales de la Uni\u00f3n C\u00edvica Radical, integrado por Lidia Mart\u00ednez, Mauricio Cravero y Carlos Francisca, elev\u00f3 dos proyectos de ordenanza, <em>\u201cdebido a la situaci\u00f3n dif\u00edcil que atraviesan muchas familias y comercios de nuestra ciudad, La Curva y El Fuertecito\u201d<\/em>. <\/p>\n\n\n\n<p>Uno refiere a la <strong>reducci\u00f3n del 20% de los sueldos en toda la planta pol\u00edtica (intendente, viceintentende, concejales, tribunos de cuenta, secretarios, directores y asesores)<\/strong>, para que esos fondos sean destinados a una comisi\u00f3n de emergencia social y sanitaria, desde el mes de abril hasta diciembre de 2020. De aprobarse significar\u00eda un ahorro de $5.000.000.<\/p>\n\n\n\n<p>Seg\u00fan lo informaron los ediles radicales en un comunicado, de esta medida quedar\u00eda exceptuado, durante el tiempo considerable, el personal de planta pol\u00edtica vinculado, de manera directa, al \u00e1rea de Salud.<\/p>\n\n\n\n<p>El otro proyecto alude a una eximici\u00f3n,\npor el t\u00e9rmino que dure la cuarentena, de las tasas de Comercio e Industria a\nlos inscriptos en los distintos rubros municipales que acrediten la condici\u00f3n\nde monotributistas de las categor\u00edas A y B de AFIP y a comercios por menor, servicios\nde esparcimiento y servicios personales. <\/p>\n\n\n\n<p>Tambi\u00e9n agregaron que, en la\nma\u00f1ana de hoy, ha sido confirmada la recepci\u00f3n de los proyectos por parte de la\nSecretar\u00eda del Concejo Deliberante, a qui\u00e9n se le solicit\u00f3 que se arbitren los\nmedios para su tratamiento urgente.<\/p>\n\n\n\n<p><strong>Los proyectos presentados<\/strong><\/p>\n\n\n\n<p><em>\u201cREDUCCI\u00d3N DE SUELDOS EN PERSONAL DE PLANTA POL\u00cdTICA DE LA MUNICIPALIDAD DE\nARROYITO (INTENDENTE, VICEINTENDENTE, CONCEJALES, TRIB. DE CUENTAS, SECRETARIOS,\nDIRECTORES, y ASESORES), PARA LA CREACI\u00d3N DE UNA COMISI\u00d3N DE EMERGENCIA SOCIAL\nY SANITARIA, ASISTIR A LAS PERSONAS QUE VIVEN EN SITUACI\u00d3N DE VULNERABILIDAD\u201d<\/em> y <em>\u201cEXIMICI\u00d3N DE TASA DE COMERCIO, INDUSTRIA y\nde SERVICIOS A LOS COMERCIOS AFECTADOS A LA CUARENTENA\u201d<\/em>. <\/p>\n","protected":false},"excerpt":{"rendered":"<p>Se excluye a personal de Salud. En otro proyecto, Mart\u00ednez, Cravero y Francisca solicitan que se exima del pago de&hellip;<\/p>\n","protected":false},"author":3,"featured_media":8424,"comment_status":"closed","ping_status":"open","sticky":false,"template":"","format":"standard","meta":{"footnotes":""},"categories":[8],"tags":[66,67,836,891,227,1102,572,640,667,871],"class_list":["post-8423","post","type-post","status-publish","format-standard","has-post-thumbnail","hentry","category-politica","tag-arroyito","tag-arroyito-cordoba","tag-arroyito-online","tag-concejales","tag-concejo-deliberante","tag-gobierno-municipal","tag-noticias-de-arroyito-y-zona","tag-politica","tag-radical","tag-radicalismo"],"_links":{"self":[{"href":"https:\/\/arroyitoonline.com.ar\/index.php?rest_route=\/wp\/v2\/posts\/8423","targetHints":{"allow":["GET"]}}],"collection":[{"href":"https:\/\/arroyitoonline.com.ar\/index.php?rest_route=\/wp\/v2\/posts"}],"about":[{"href":"https:\/\/arroyitoonline.com.ar\/index.php?rest_route=\/wp\/v2\/types\/post"}],"author":[{"embeddable":true,"href":"https:\/\/arroyitoonline.com.ar\/index.php?rest_route=\/wp\/v2\/users\/3"}],"replies":[{"embeddable":true,"href":"https:\/\/arroyitoonline.com.ar\/index.php?rest_route=%2Fwp%2Fv2%2Fcomments&post=8423"}],"version-history":[{"count":4,"href":"https:\/\/arroyitoonline.com.ar\/index.php?rest_route=\/wp\/v2\/posts\/8423\/revisions"}],"predecessor-version":[{"id":8432,"href":"https:\/\/arroyitoonline.com.ar\/index.php?rest_route=\/wp\/v2\/posts\/8423\/revisions\/8432"}],"wp:featuredmedia":[{"embeddable":true,"href":"https:\/\/arroyitoonline.com.ar\/index.php?rest_route=\/wp\/v2\/media\/8424"}],"wp:attachment":[{"href":"https:\/\/arroyitoonline.com.ar\/index.php?rest_route=%2Fwp%2Fv2%2Fmedia&parent=8423"}],"wp:term":[{"taxonomy":"category","embeddable":true,"href":"https:\/\/arroyitoonline.com.ar\/index.php?rest_route=%2Fwp%2Fv2%2Fcategories&post=8423"},{"taxonomy":"post_tag","embeddable":true,"href":"https:\/\/arroyitoonline.com.ar\/index.php?rest_route=%2Fwp%2Fv2%2Ftags&post=8423"}],"curies":[{"name":"wp","href":"https:\/\/api.w.org\/{rel}","templated":true}]}}