{"id":8430,"date":"2020-03-29T01:53:57","date_gmt":"2020-03-29T01:53:57","guid":{"rendered":"https:\/\/arroyitoonline.com.ar\/?p=8430"},"modified":"2020-03-29T01:54:00","modified_gmt":"2020-03-29T01:54:00","slug":"siguen-los-controles-vehiculares-para-el-cumplimiento-del-aislamiento-obligatorio","status":"publish","type":"post","link":"https:\/\/arroyitoonline.com.ar\/?p=8430","title":{"rendered":"Siguen los controles vehiculares, para el cumplimiento del aislamiento obligatorio"},"content":{"rendered":"\n<p><strong>En este marco se dispuso la detenci\u00f3n de una persona por incumplimiento al DNU 297\/2020.  <\/strong><\/p>\n\n\n\n<p>La Polic\u00eda de la Provincia, junto a Gendarmer\u00eda, Direcci\u00f3n de Tr\u00e1nsito y Seguridad Ciudadana del Gobierno Municipal se encuentran inspeccionando el tr\u00e1fico en la v\u00eda p\u00fablica, con el objetivo de que se cumpla el Aislamiento Social Preventivo y Obligatorio establecido en el Decreto de Necesidad y Urgencia 297\/2020 de Presidencia de la Naci\u00f3n.<\/p>\n\n\n\n<p>Por la ma\u00f1ana de hoy se han establecido cuatro puestos m\u00f3viles en sector norte y sector sur, controlando la circulaci\u00f3n vehicular. Y, en horas de la tarde, con el apoyo de Gendarmer\u00eda Nacional, se ha repetido el procedimiento. En este marco se dispuso la detenci\u00f3n de una persona por incumplimiento al DNU 297\/2020. <\/p>\n\n\n\n<p>Fuente: Comunicaci\u00f3n y Protocolo del Gobierno Municipal.<\/p>\n","protected":false},"excerpt":{"rendered":"<p>En este marco se dispuso la detenci\u00f3n de una persona por incumplimiento al DNU 297\/2020. La Polic\u00eda de la Provincia,&hellip;<\/p>\n","protected":false},"author":3,"featured_media":8354,"comment_status":"closed","ping_status":"open","sticky":false,"template":"","format":"standard","meta":{"footnotes":""},"categories":[824],"tags":[1120,66,67,836,1108,1119,295,400,1102,572,635,637,638,825,723],"class_list":["post-8430","post","type-post","status-publish","format-standard","has-post-thumbnail","hentry","category-policiales-online","tag-aislamiento","tag-arroyito","tag-arroyito-cordoba","tag-arroyito-online","tag-coronavirus","tag-cuarentena","tag-direccion-de-transito","tag-gendarmeria","tag-gobierno-municipal","tag-noticias-de-arroyito-y-zona","tag-policia","tag-policiales","tag-policiales-arroyito","tag-policiales-online","tag-seguridad"],"_links":{"self":[{"href":"https:\/\/arroyitoonline.com.ar\/index.php?rest_route=\/wp\/v2\/posts\/8430","targetHints":{"allow":["GET"]}}],"collection":[{"href":"https:\/\/arroyitoonline.com.ar\/index.php?rest_route=\/wp\/v2\/posts"}],"about":[{"href":"https:\/\/arroyitoonline.com.ar\/index.php?rest_route=\/wp\/v2\/types\/post"}],"author":[{"embeddable":true,"href":"https:\/\/arroyitoonline.com.ar\/index.php?rest_route=\/wp\/v2\/users\/3"}],"replies":[{"embeddable":true,"href":"https:\/\/arroyitoonline.com.ar\/index.php?rest_route=%2Fwp%2Fv2%2Fcomments&post=8430"}],"version-history":[{"count":1,"href":"https:\/\/arroyitoonline.com.ar\/index.php?rest_route=\/wp\/v2\/posts\/8430\/revisions"}],"predecessor-version":[{"id":8433,"href":"https:\/\/arroyitoonline.com.ar\/index.php?rest_route=\/wp\/v2\/posts\/8430\/revisions\/8433"}],"wp:featuredmedia":[{"embeddable":true,"href":"https:\/\/arroyitoonline.com.ar\/index.php?rest_route=\/wp\/v2\/media\/8354"}],"wp:attachment":[{"href":"https:\/\/arroyitoonline.com.ar\/index.php?rest_route=%2Fwp%2Fv2%2Fmedia&parent=8430"}],"wp:term":[{"taxonomy":"category","embeddable":true,"href":"https:\/\/arroyitoonline.com.ar\/index.php?rest_route=%2Fwp%2Fv2%2Fcategories&post=8430"},{"taxonomy":"post_tag","embeddable":true,"href":"https:\/\/arroyitoonline.com.ar\/index.php?rest_route=%2Fwp%2Fv2%2Ftags&post=8430"}],"curies":[{"name":"wp","href":"https:\/\/api.w.org\/{rel}","templated":true}]}}