{"id":8469,"date":"2020-03-31T12:56:56","date_gmt":"2020-03-31T12:56:56","guid":{"rendered":"https:\/\/arroyitoonline.com.ar\/?p=8469"},"modified":"2020-03-31T12:57:03","modified_gmt":"2020-03-31T12:57:03","slug":"ya-son-36-los-casos-de-dengue-en-arroyito","status":"publish","type":"post","link":"https:\/\/arroyitoonline.com.ar\/?p=8469","title":{"rendered":"Ya son 36 los casos de dengue en Arroyito"},"content":{"rendered":"\n<p><strong>Cinco pacientes se encuentran internados y evolucionan de manera favorable. Los dem\u00e1s se han recuperado. Siguen las fumigaciones.<\/strong><\/p>\n\n\n\n<p>Al martes 31 de marzo, no se registran casos positivos de Covid\u201319 en Arroyito y se aguarda el resultado del <a href=\"https:\/\/arroyitoonline.com.ar\/info-online\/infosalud\/covid-19-se-activo-el-protocolo-en-arroyito-por-caso-sospechoso-de-un-camionero-que-venia-de-reconquista\/\">\u00fanico caso sospechoso<\/a>. El paciente permanece internado en el Hospital Iturraspe de San Francisco, en estado reservado.<br><\/p>\n\n\n\n<p>Por su parte, se registraron 10 nuevas confirmaciones de dengue en el \u00e1mbito local. Los casos positivos totales de dengue son 36, desde inicio de 2020. Se encuentran internados cinco pacientes evolucionando de manera favorable. Los dem\u00e1s se han recuperado.<br><\/p>\n\n\n\n<p>En este marco, el Gobierno Municipal ha fumigado cada una de las manzanas de los casos \u00edndice y ocho manzanas alrededor, como indica el protocolo.<\/p>\n\n\n\n<p>Tambi\u00e9n pulverizaron el Barrio Xanaes, el terreno de la Escuela Mar\u00eda Teresa Navarro, diferentes bald\u00edos, montes de eucaliptos, la periferia de Barrio Arcor y Barrio IPV.<\/p>\n\n\n\n<p>Adem\u00e1s, el Gobierno de la Provincia de C\u00f3rdoba fumig\u00f3 ayer, cuatro zonas de ciudad, que integran unas 265 manzanas. \u00a0<br><\/p>\n\n\n\n<p>Fuente: Comunicaci\u00f3n y Protocolo del Gobierno Municipal. <\/p>\n","protected":false},"excerpt":{"rendered":"<p>Cinco pacientes se encuentran internados y evolucionan de manera favorable. Los dem\u00e1s se han recuperado. Siguen las fumigaciones. Al martes&hellip;<\/p>\n","protected":false},"author":3,"featured_media":7577,"comment_status":"closed","ping_status":"open","sticky":false,"template":"","format":"standard","meta":{"footnotes":""},"categories":[9],"tags":[1120,66,67,836,1108,1119,272,404,405,1102,426,1126,572,706,710],"class_list":["post-8469","post","type-post","status-publish","format-standard","has-post-thumbnail","hentry","category-infosalud","tag-aislamiento","tag-arroyito","tag-arroyito-cordoba","tag-arroyito-online","tag-coronavirus","tag-cuarentena","tag-dengue","tag-gobierno-de-cordoba","tag-gobierno-de-la-provincia","tag-gobierno-municipal","tag-hospital","tag-hospital-iturraspe","tag-noticias-de-arroyito-y-zona","tag-salud","tag-san-francisco"],"_links":{"self":[{"href":"https:\/\/arroyitoonline.com.ar\/index.php?rest_route=\/wp\/v2\/posts\/8469","targetHints":{"allow":["GET"]}}],"collection":[{"href":"https:\/\/arroyitoonline.com.ar\/index.php?rest_route=\/wp\/v2\/posts"}],"about":[{"href":"https:\/\/arroyitoonline.com.ar\/index.php?rest_route=\/wp\/v2\/types\/post"}],"author":[{"embeddable":true,"href":"https:\/\/arroyitoonline.com.ar\/index.php?rest_route=\/wp\/v2\/users\/3"}],"replies":[{"embeddable":true,"href":"https:\/\/arroyitoonline.com.ar\/index.php?rest_route=%2Fwp%2Fv2%2Fcomments&post=8469"}],"version-history":[{"count":1,"href":"https:\/\/arroyitoonline.com.ar\/index.php?rest_route=\/wp\/v2\/posts\/8469\/revisions"}],"predecessor-version":[{"id":8470,"href":"https:\/\/arroyitoonline.com.ar\/index.php?rest_route=\/wp\/v2\/posts\/8469\/revisions\/8470"}],"wp:featuredmedia":[{"embeddable":true,"href":"https:\/\/arroyitoonline.com.ar\/index.php?rest_route=\/wp\/v2\/media\/7577"}],"wp:attachment":[{"href":"https:\/\/arroyitoonline.com.ar\/index.php?rest_route=%2Fwp%2Fv2%2Fmedia&parent=8469"}],"wp:term":[{"taxonomy":"category","embeddable":true,"href":"https:\/\/arroyitoonline.com.ar\/index.php?rest_route=%2Fwp%2Fv2%2Fcategories&post=8469"},{"taxonomy":"post_tag","embeddable":true,"href":"https:\/\/arroyitoonline.com.ar\/index.php?rest_route=%2Fwp%2Fv2%2Ftags&post=8469"}],"curies":[{"name":"wp","href":"https:\/\/api.w.org\/{rel}","templated":true}]}}