{"id":8474,"date":"2020-04-02T00:57:18","date_gmt":"2020-04-02T00:57:18","guid":{"rendered":"https:\/\/arroyitoonline.com.ar\/?p=8474"},"modified":"2020-04-02T01:05:05","modified_gmt":"2020-04-02T01:05:05","slug":"benedetti-sobre-la-pandemia-hay-que-estar-preparado-para-lo-peor-pero-rogando-que-sea-lo-mas-leve-en-el-invierno","status":"publish","type":"post","link":"https:\/\/arroyitoonline.com.ar\/?p=8474","title":{"rendered":"Benedetti, sobre la pandemia: \u201cHay que estar preparado para lo peor, pero rogando que sea lo m\u00e1s leve en el invierno\u201d"},"content":{"rendered":"\n<p><strong>En conferencia,\nel intendente tambi\u00e9n opin\u00f3 que <em>\u201cHay mucha\ngente que est\u00e1 arriesgando la vida y no es justo que tengan el mismo descuento\nque Cravero, Mart\u00ednez o Francisca\u201d<\/em>.<\/strong><\/p>\n\n\n\n<p>Este mediod\u00eda, el intendente <strong>Gustavo Benedetti<\/strong> brind\u00f3 una conferencia de prensa en la Sala de Deliberaciones del edificio municipal, acompa\u00f1ado de la viceintendenta Mar\u00eda Jos\u00e9 Esp\u00f3sito, la secretaria Privada Claudia Oberto y el asesor de Gabinete Mart\u00edn Ar\u00e9valo. Tambi\u00e9n se sum\u00f3 la encargada de Bromatolog\u00eda y Habilitaciones de Comercio, Daniela Mendoza. <\/p>\n\n\n\n<p>La rueda de prensa se dio en el marco de la pandemia coronavirus, y fue ocasi\u00f3n para que los funcionarios comunicaran medidas que vienen tom\u00e1ndose en torno al cumplimiento del <strong>Aislamiento Social Preventivo y Obligatorio<\/strong>, decretado por Presidencia de la Naci\u00f3n. <\/p>\n\n\n\n<p><em>\u201cHay h\u00e1bitos que\nlos tenemos que cambiar para siempre. Tengamos la paciencia, que nosotros no\nvamos a hacer nada para perjudicar lo econ\u00f3mico, debemos mantener la calma y\nseguir cumpliendo las medidas. Debe primar el sentido com\u00fan, para cada uno de\nlos que tenemos la potestad de tomar decisiones. Estamos acompa\u00f1ando las\nmedidas del Gobierno Nacional, porque creemos que son las correctas y debemos\nacatar el Decreto\u201d<\/em>, se\u00f1al\u00f3 el primer mandatario local. <\/p>\n\n\n\n<p><strong>Salud<\/strong><\/p>\n\n\n\n<p><em>\u201cEn Arroyito\ntenemos acondicionado el sistema de salud, y estamos dispuestos a invertir,\nsiempre en el marco legal\u201d<\/em>, remarc\u00f3 Benedetti.<\/p>\n\n\n\n<p>El intendente comunic\u00f3 que los hospitales de Las Varillas, Morteros y Arroyito estar\u00e1n destinados a la atenci\u00f3n de los casos de cl\u00ednica m\u00e9dica que no est\u00e9n relacionados al Covid\u201319, y ser\u00e1n estos tres nosocomios los que reciban las derivaciones. En tanto que los casos sospechosos de coronavirus de la regi\u00f3n ser\u00e1n tratados en el Hospital Regional Iturraspe de San Francisco. <\/p>\n\n\n\n<p>Adem\u00e1s, destac\u00f3 que el Gobierno de la Provincia de\nC\u00f3rdoba firmar\u00e1, en los pr\u00f3ximos d\u00edas, un convenio con los servicios de\nemergencias privados de nuestra ciudad, a trav\u00e9s del cual se les enviar\u00e1n los\nequipos de protecci\u00f3n necesarios, para que hagan los hisopados en los\ndomicilios de los pacientes sospechosos. <\/p>\n\n\n\n<p>Hoy, las cl\u00ednicas privadas locales Serem y Regional prestan el servicio de guardia de s\u00edntomas respiratorios \u2013en conjunto con el hospital- sin el cobro de ning\u00fan tipo de arancel al Municipio. <\/p>\n\n\n\n<p>Por su parte, el resultado del hisopado del <a href=\"https:\/\/arroyitoonline.com.ar\/info-online\/infosalud\/covid-19-esperan-el-resultado-del-unico-caso-local-sospechoso-internado-en-san-francisco\/\">camionero que present\u00f3 s\u00edntomas compatibles con el Covid\u201319<\/a>, el cual se encuentra internado es estado reservado, llegar\u00eda el viernes, ya que fue enviado al Malbr\u00e1n. <\/p>\n\n\n\n<p>La familia del caso sospechoso est\u00e1 siendo controlada, al igual que el ch\u00f3fer que lo trajo hasta su casa. Todos se encuentran aislados. <\/p>\n\n\n\n<p>En relaci\u00f3n a la otra gran preocupaci\u00f3n sanitaria que existe hoy, se dej\u00f3 claro que <a href=\"https:\/\/arroyitoonline.com.ar\/info-online\/infosalud\/ya-son-36-los-casos-de-dengue-en-arroyito\/\">Arroyito es una zona de dengue<\/a> y los casos sospechosos son tratados con esa condici\u00f3n. En este sentido, las fumigaciones van a seguir.<\/p>\n\n\n\n<p><strong>Acci\u00f3n Social<\/strong><\/p>\n\n\n\n<p>Se produjo la apertura del Hospital de D\u00eda, para que quienes\nno tengan qu\u00e9 comer durante estos d\u00edas de cuarentena, puedan retirar la vianda.\nSeg\u00fan el relevamiento municipal, son alrededor de 300 familias las que se\nencuentran en esta situaci\u00f3n cr\u00edtica, encontr\u00e1ndose un 75% de ellas en el\nsector sur, por eso la elecci\u00f3n del lugar.<\/p>\n\n\n\n<p><strong>Comercio y\nBromatolog\u00eda<\/strong><\/p>\n\n\n\n<p>Benedetti coment\u00f3 que, en estos d\u00edas, el \u00e1rea de\nBromatolog\u00eda, ha tenido m\u00e1s de 1.300 consultas por permisos de circulaci\u00f3n para\nel desarrollo de tareas laborales, de los cuales algunos fueron otorgados y\notros, no. <\/p>\n\n\n\n<p>Tambi\u00e9n afirm\u00f3 que <em>\u201ctenemos\nuna ciudad un poquito menos que a medio funcionando, pero la salud debe ser lo\nprimordial para cada uno de nosotros y tenemos que ir acostumbr\u00e1ndonos a nuevos\nmedios\u201d<\/em>.<\/p>\n\n\n\n<p>Se informaron, adem\u00e1s, los horarios vigentes para la\natenci\u00f3n en negocios locales. Los supermercados abrir\u00e1n de 8:00 a 19:00 horas.\nLos comercios de cercan\u00eda (despensas, kioscos, ferreter\u00edas, lavander\u00edas,\ncarnicer\u00edas y panader\u00edas), tienen permiso hasta las 21:30 horas. Por \u00faltimo,\nlos comercios que expenden comidas a puertas cerradas, con el servicio de\ndelivery, deben cerrar a las 23:00 horas, pudiendo tomar pedidos hasta 10\nminutos ante de esa hora, ya que se controlar\u00e1 que no est\u00e9n circulando despu\u00e9s\nde las 11 de la noche. <\/p>\n\n\n\n<p>Por \u00faltimo, y ante las consultas por precios abusivos en\nnegocios de la ciudad, el intendente dijo que <em>\u201cNo es facultad del Municipio fijar y controlar los precios, pero tomamos\nnota, receptamos y generamos los reclamos\u201d<\/em>.<\/p>\n\n\n\n<p><strong>Recorte de\nsueldos pol\u00edticos<\/strong><\/p>\n\n\n\n<p>Sobre el <a href=\"https:\/\/arroyitoonline.com.ar\/info-online\/politica\/concejales-radicales-presentaron-proyecto-para-que-la-planta-politica-se-reduzca-un-20-el-sueldo\/\">proyecto presentado por el Bloque de la Uni\u00f3n C\u00edvica Radical<\/a>, para que se reduzcan en un 20% los sueldos de la Planta Pol\u00edtica, la viceintendenta explic\u00f3 que no se est\u00e1 sesionando en ning\u00fan orden y que, a ese proyecto ingresado por mail el s\u00e1bado pasado, <em>\u201cLe falta la formalidad administrativa, no se le puede dar ingreso por mesa de entrada\u201d<\/em>. <\/p>\n\n\n\n<p>En este marco, Benedetti explic\u00f3 que el mes de marzo est\u00e1\ngarantizado y no se tomar\u00e1 ninguna acci\u00f3n de recorte, pero que, en abril, la\nCoparticipaci\u00f3n ser\u00e1 menor, por lo que se analizar\u00e1n todos los proyectos. <\/p>\n\n\n\n<p><em>\u201cHay mucha gente que est\u00e1 arriesgando la vida y no es justo que tengan el mismo descuento que Cravero, Mart\u00ednez o Francisca. Con el tema sueldos de planta pol\u00edtica vamos a acatar las medidas que se tomen a nivel Naci\u00f3n y Provincia\u201d<\/em>, remarc\u00f3 el jefe municipal.<\/p>\n\n\n\n<p>Por \u00faltimo, confim\u00f3 que son cerca de 100 personas las que trabajan a diario, las cuales van rotando, en la primera l\u00ednea de los \u00e1mbitos de Salud, Seguridad, Bromatolog\u00eda y Servicios P\u00fablicos.<\/p>\n\n\n\n<p>Foto gentileza FM Libre 93.7.<\/p>\n","protected":false},"excerpt":{"rendered":"<p>En conferencia, el intendente tambi\u00e9n opin\u00f3 que \u201cHay mucha gente que est\u00e1 arriesgando la vida y no es justo que&hellip;<\/p>\n","protected":false},"author":3,"featured_media":8481,"comment_status":"closed","ping_status":"open","sticky":false,"template":"","format":"standard","meta":{"footnotes":""},"categories":[829],"tags":[1120,66,67,836,115,134,1114,1108,1119,272,404,405,1102,857,968,426,1128,650,706,1115],"class_list":["post-8474","post","type-post","status-publish","format-standard","has-post-thumbnail","hentry","category-municipales-online","tag-aislamiento","tag-arroyito","tag-arroyito-cordoba","tag-arroyito-online","tag-benedetti","tag-bromatologia","tag-clinica-regional","tag-coronavirus","tag-cuarentena","tag-dengue","tag-gobierno-de-cordoba","tag-gobierno-de-la-provincia","tag-gobierno-municipal","tag-gobierno-nacional","tag-gustavo-benedetti","tag-hospital","tag-not","tag-prevencion","tag-salud","tag-serem-privado"],"_links":{"self":[{"href":"https:\/\/arroyitoonline.com.ar\/index.php?rest_route=\/wp\/v2\/posts\/8474","targetHints":{"allow":["GET"]}}],"collection":[{"href":"https:\/\/arroyitoonline.com.ar\/index.php?rest_route=\/wp\/v2\/posts"}],"about":[{"href":"https:\/\/arroyitoonline.com.ar\/index.php?rest_route=\/wp\/v2\/types\/post"}],"author":[{"embeddable":true,"href":"https:\/\/arroyitoonline.com.ar\/index.php?rest_route=\/wp\/v2\/users\/3"}],"replies":[{"embeddable":true,"href":"https:\/\/arroyitoonline.com.ar\/index.php?rest_route=%2Fwp%2Fv2%2Fcomments&post=8474"}],"version-history":[{"count":3,"href":"https:\/\/arroyitoonline.com.ar\/index.php?rest_route=\/wp\/v2\/posts\/8474\/revisions"}],"predecessor-version":[{"id":8483,"href":"https:\/\/arroyitoonline.com.ar\/index.php?rest_route=\/wp\/v2\/posts\/8474\/revisions\/8483"}],"wp:featuredmedia":[{"embeddable":true,"href":"https:\/\/arroyitoonline.com.ar\/index.php?rest_route=\/wp\/v2\/media\/8481"}],"wp:attachment":[{"href":"https:\/\/arroyitoonline.com.ar\/index.php?rest_route=%2Fwp%2Fv2%2Fmedia&parent=8474"}],"wp:term":[{"taxonomy":"category","embeddable":true,"href":"https:\/\/arroyitoonline.com.ar\/index.php?rest_route=%2Fwp%2Fv2%2Fcategories&post=8474"},{"taxonomy":"post_tag","embeddable":true,"href":"https:\/\/arroyitoonline.com.ar\/index.php?rest_route=%2Fwp%2Fv2%2Ftags&post=8474"}],"curies":[{"name":"wp","href":"https:\/\/api.w.org\/{rel}","templated":true}]}}