{"id":8491,"date":"2020-03-31T19:54:55","date_gmt":"2020-03-31T19:54:55","guid":{"rendered":"https:\/\/arroyitoonline.com.ar\/?p=8491"},"modified":"2020-04-02T04:06:00","modified_gmt":"2020-04-02T04:06:00","slug":"covid-19-benedetti-y-gallo-participaron-de-la-primera-reunion-de-la-red-provincial-de-contingencia","status":"publish","type":"post","link":"https:\/\/arroyitoonline.com.ar\/?p=8491","title":{"rendered":"Covid\u201319: Benedetti y Gallo participaron de la primera reuni\u00f3n de la Red Provincial de Contingencia"},"content":{"rendered":"\n<p><strong>El encuentro, en el que estuvieron el intendente y la directora M\u00e9dica del hospital municipal, fue encabezado por el vicegobernador Manuel Calvo.<\/strong><\/p>\n\n\n\n<p>El intendente Gustavo Benedetti y la directora del Hospital Municipal Melina Gallo, participaron de la primera reuni\u00f3n de la Red Provincial de Contingencia Covid\u201319. En la ocasi\u00f3n, el vicegobernador Manuel Calvo y el ministro de Salud de la Provincia, Diego Cardozo, establecieron el Plan de distribuci\u00f3n hospitalaria de los departamentos San Justo y Punilla, para la atenci\u00f3n eficiente de los posibles aumentos de casos.<\/p>\n\n\n\n<p>Tambi\u00e9n estuvieron presentes, los intendentes de Carlos Paz, Daniel G\u00f3mez Gesteira; Morteros, Jos\u00e9 Bria, y Las Varillas, Mauro Daniele.<\/p>\n\n\n\n<p>Se defini\u00f3 que\u00a0los hospitales provinciales Iturraspe, de San Francisco, y Domingo Funes, de Santa Mar\u00eda de Punilla, se abocar\u00e1n al tratamiento de casos de coronavirus en sus regiones, siendo los centros de derivaci\u00f3n y tratamiento de estos casos.<\/p>\n\n\n\n<p>En tanto, los nosocomios municipales Hospital Carlos J. Rodr\u00edguez de nuestra localidad,\u00a0Jos\u00e9 Saruet de Morteros, Diego Montoya de Las Varillas y Gumersindo Sayago de Carlos Paz, que cuentan todos con Unidades de Terapia Intensiva (UTI), se concentrar\u00e1n en la atenci\u00f3n del resto de patolog\u00edas que requieran atenciones en sus respectivas regiones.<\/p>\n\n\n\n<p>El Gobierno Provincial pone en marcha, a trav\u00e9s de esta medida, siete Centros de Operaciones de Emergencias (COE) regionales en la Provincia, que funcionar\u00e1n en las ciudades de R\u00edo Cuarto, San Francisco, Villa Mar\u00eda, Jes\u00fas Mar\u00eda, Punilla, Villa Dolores y Alta Gracia, cuyos coordinadores ser\u00e1n los titulares de los respectivos hospitales provinciales con asiento en cada una de esas localidades.<\/p>\n\n\n\n<p>El COE es coordinado por el m\u00e9dico Juan Ledesma, quien ocupa el cargo de director del Hospital de Ni\u00f1os de C\u00f3rdoba. Ledesma indic\u00f3 que: <em>\u00abEn este momento, lo que nos compete es la planificaci\u00f3n de acciones concretas en esta etapa de contenci\u00f3n y la organizaci\u00f3n de las acciones futuras en la pr\u00f3xima etapa que va a ser la de mitigaci\u00f3n\u00ab<\/em>.<\/p>\n\n\n\n<p>Fuente: Comunicaci\u00f3n y Protocolo del Gobierno Municipal. <\/p>\n","protected":false},"excerpt":{"rendered":"<p>El encuentro, en el que estuvieron el intendente y la directora M\u00e9dica del hospital municipal, fue encabezado por el vicegobernador&hellip;<\/p>\n","protected":false},"author":3,"featured_media":8492,"comment_status":"closed","ping_status":"open","sticky":false,"template":"","format":"standard","meta":{"footnotes":""},"categories":[9],"tags":[66,67,836,115,1108,404,405,1102,968,426,1126,572,1071],"class_list":["post-8491","post","type-post","status-publish","format-standard","has-post-thumbnail","hentry","category-infosalud","tag-arroyito","tag-arroyito-cordoba","tag-arroyito-online","tag-benedetti","tag-coronavirus","tag-gobierno-de-cordoba","tag-gobierno-de-la-provincia","tag-gobierno-municipal","tag-gustavo-benedetti","tag-hospital","tag-hospital-iturraspe","tag-noticias-de-arroyito-y-zona","tag-salu"],"_links":{"self":[{"href":"https:\/\/arroyitoonline.com.ar\/index.php?rest_route=\/wp\/v2\/posts\/8491","targetHints":{"allow":["GET"]}}],"collection":[{"href":"https:\/\/arroyitoonline.com.ar\/index.php?rest_route=\/wp\/v2\/posts"}],"about":[{"href":"https:\/\/arroyitoonline.com.ar\/index.php?rest_route=\/wp\/v2\/types\/post"}],"author":[{"embeddable":true,"href":"https:\/\/arroyitoonline.com.ar\/index.php?rest_route=\/wp\/v2\/users\/3"}],"replies":[{"embeddable":true,"href":"https:\/\/arroyitoonline.com.ar\/index.php?rest_route=%2Fwp%2Fv2%2Fcomments&post=8491"}],"version-history":[{"count":1,"href":"https:\/\/arroyitoonline.com.ar\/index.php?rest_route=\/wp\/v2\/posts\/8491\/revisions"}],"predecessor-version":[{"id":8493,"href":"https:\/\/arroyitoonline.com.ar\/index.php?rest_route=\/wp\/v2\/posts\/8491\/revisions\/8493"}],"wp:featuredmedia":[{"embeddable":true,"href":"https:\/\/arroyitoonline.com.ar\/index.php?rest_route=\/wp\/v2\/media\/8492"}],"wp:attachment":[{"href":"https:\/\/arroyitoonline.com.ar\/index.php?rest_route=%2Fwp%2Fv2%2Fmedia&parent=8491"}],"wp:term":[{"taxonomy":"category","embeddable":true,"href":"https:\/\/arroyitoonline.com.ar\/index.php?rest_route=%2Fwp%2Fv2%2Fcategories&post=8491"},{"taxonomy":"post_tag","embeddable":true,"href":"https:\/\/arroyitoonline.com.ar\/index.php?rest_route=%2Fwp%2Fv2%2Ftags&post=8491"}],"curies":[{"name":"wp","href":"https:\/\/api.w.org\/{rel}","templated":true}]}}