{"id":8494,"date":"2020-04-02T04:19:35","date_gmt":"2020-04-02T04:19:35","guid":{"rendered":"https:\/\/arroyitoonline.com.ar\/?p=8494"},"modified":"2020-04-02T04:19:37","modified_gmt":"2020-04-02T04:19:37","slug":"coronavirus-el-gobierno-provincial-lanzo-los-creditos-mipymes","status":"publish","type":"post","link":"https:\/\/arroyitoonline.com.ar\/?p=8494","title":{"rendered":"Coronavirus: el Gobierno Provincial lanz\u00f3 los cr\u00e9ditos MiPyMEs"},"content":{"rendered":"\n<p><strong>Destinados a micro, peque\u00f1as y medianas empresas, que pertenecen al sector considerado como cr\u00edtico.<\/strong><\/p>\n\n\n\n<p>En el marco de las medidas tomadas para el enfrentamiento de la pandemia coronavirus, el Gobierno de la Provincia de C\u00f3rdoba otorgar\u00e1 cr\u00e9ditos a las micro, peque\u00f1as y medianas empresas.<\/p>\n\n\n\n<p>Esta medida ser\u00e1 destinada a las PyMEs que no sean sujetos de cr\u00e9dito y pertenezcan a los sectores m\u00e1s afectados, teniendo prioridad aquellas que pertenecen al sector considerado como cr\u00edtico.<\/p>\n\n\n\n<div class=\"wp-block-image\"><figure class=\"aligncenter\"><img loading=\"lazy\" decoding=\"async\" width=\"1024\" height=\"1024\" src=\"https:\/\/arroyitoonline.com.ar\/wp-content\/uploads\/2020\/04\/cr\u00e9ditos-mi-pyme-1024x1024.jpeg\" alt=\"\" class=\"wp-image-8496\" srcset=\"https:\/\/arroyitoonline.com.ar\/wp-content\/uploads\/2020\/04\/cr\u00e9ditos-mi-pyme-1024x1024.jpeg 1024w, https:\/\/arroyitoonline.com.ar\/wp-content\/uploads\/2020\/04\/cr\u00e9ditos-mi-pyme-150x150.jpeg 150w, https:\/\/arroyitoonline.com.ar\/wp-content\/uploads\/2020\/04\/cr\u00e9ditos-mi-pyme-300x300.jpeg 300w, https:\/\/arroyitoonline.com.ar\/wp-content\/uploads\/2020\/04\/cr\u00e9ditos-mi-pyme-768x768.jpeg 768w, https:\/\/arroyitoonline.com.ar\/wp-content\/uploads\/2020\/04\/cr\u00e9ditos-mi-pyme.jpeg 1240w\" sizes=\"auto, (max-width: 1024px) 100vw, 1024px\" \/><\/figure><\/div>\n\n\n\n<p>El monto por empresa ser\u00e1 el equivalente a una n\u00f3mina salarial y el plazo a pagar ser\u00e1 de 12 meses, con seis meses de gracia para capital e intereses, con una Tasa Nominal Anual de 24%, comisiones sin costo y aval otorgado por la Provincia de C\u00f3rdoba.<\/p>\n\n\n\n<p>Los interesados en la solicitud del cr\u00e9dito deber\u00e1n acceder al siguiente link:  <br><a href=\"https:\/\/cordobaproduce.cba.gov.ar\/9100\/creditosmipymes\">https:\/\/cordobaproduce.cba.gov.ar\/9100\/creditosmipymes<\/a>, hacer click sobre la opci\u00f3n \u201cSolicitud de Cr\u00e9dito\u201d, descargar y completar la Declaraci\u00f3n Jurada y enviarla al correo electr\u00f3nico:\u00a0<a href=\"mailto:creditosmipymes@bancor.com.ar\">creditosmipymes@bancor.com.ar<\/a>.<\/p>\n\n\n\n<p>Nos cuidamos todos juntos. Nos ayudamos todos juntos.<\/p>\n\n\n\n<p>Fuente: Comunicaci\u00f3n y Protocolo del Gobierno Municipal.<\/p>\n","protected":false},"excerpt":{"rendered":"<p>Destinados a micro, peque\u00f1as y medianas empresas, que pertenecen al sector considerado como cr\u00edtico. En el marco de las medidas&hellip;<\/p>\n","protected":false},"author":3,"featured_media":8495,"comment_status":"closed","ping_status":"open","sticky":false,"template":"","format":"standard","meta":{"footnotes":""},"categories":[900],"tags":[66,67,836,1108,327,404,405,572,665],"class_list":["post-8494","post","type-post","status-publish","format-standard","has-post-thumbnail","hentry","category-noticias","tag-arroyito","tag-arroyito-cordoba","tag-arroyito-online","tag-coronavirus","tag-empresas","tag-gobierno-de-cordoba","tag-gobierno-de-la-provincia","tag-noticias-de-arroyito-y-zona","tag-pymes"],"_links":{"self":[{"href":"https:\/\/arroyitoonline.com.ar\/index.php?rest_route=\/wp\/v2\/posts\/8494","targetHints":{"allow":["GET"]}}],"collection":[{"href":"https:\/\/arroyitoonline.com.ar\/index.php?rest_route=\/wp\/v2\/posts"}],"about":[{"href":"https:\/\/arroyitoonline.com.ar\/index.php?rest_route=\/wp\/v2\/types\/post"}],"author":[{"embeddable":true,"href":"https:\/\/arroyitoonline.com.ar\/index.php?rest_route=\/wp\/v2\/users\/3"}],"replies":[{"embeddable":true,"href":"https:\/\/arroyitoonline.com.ar\/index.php?rest_route=%2Fwp%2Fv2%2Fcomments&post=8494"}],"version-history":[{"count":1,"href":"https:\/\/arroyitoonline.com.ar\/index.php?rest_route=\/wp\/v2\/posts\/8494\/revisions"}],"predecessor-version":[{"id":8497,"href":"https:\/\/arroyitoonline.com.ar\/index.php?rest_route=\/wp\/v2\/posts\/8494\/revisions\/8497"}],"wp:featuredmedia":[{"embeddable":true,"href":"https:\/\/arroyitoonline.com.ar\/index.php?rest_route=\/wp\/v2\/media\/8495"}],"wp:attachment":[{"href":"https:\/\/arroyitoonline.com.ar\/index.php?rest_route=%2Fwp%2Fv2%2Fmedia&parent=8494"}],"wp:term":[{"taxonomy":"category","embeddable":true,"href":"https:\/\/arroyitoonline.com.ar\/index.php?rest_route=%2Fwp%2Fv2%2Fcategories&post=8494"},{"taxonomy":"post_tag","embeddable":true,"href":"https:\/\/arroyitoonline.com.ar\/index.php?rest_route=%2Fwp%2Fv2%2Ftags&post=8494"}],"curies":[{"name":"wp","href":"https:\/\/api.w.org\/{rel}","templated":true}]}}