{"id":8508,"date":"2020-04-02T22:34:51","date_gmt":"2020-04-02T22:34:51","guid":{"rendered":"https:\/\/arroyitoonline.com.ar\/?p=8508"},"modified":"2020-04-02T22:57:10","modified_gmt":"2020-04-02T22:57:10","slug":"homenaje-por-malvinas-hubo-incumplimiento-del-aislamiento-obligatorio","status":"publish","type":"post","link":"https:\/\/arroyitoonline.com.ar\/?p=8508","title":{"rendered":"Homenaje por Malvinas: \u00bfHubo incumplimiento del Aislamiento Obligatorio?"},"content":{"rendered":"\n<p><strong>Caus\u00f3 pol\u00e9mica que unas 20 personas participaran del encendido de la antorcha en la Plazoleta Islas Malvinas, aunque los actos con p\u00fablico est\u00e1n prohibidos.<\/strong><\/p>\n\n\n\n<p>Este 2 de abril se conmemora el 38\u00b0 Aniversario del desembarco de nuestras tropas en las Islas Malvinas y, aunque se trata de una de las fechas m\u00e1s caras a los sentimientos de los argentinos, los homenajes en tiempos de coronavirus deben ce\u00f1irse al Aislamiento Social Preventivo y Obligatorio. <\/p>\n\n\n\n<figure class=\"wp-block-embed-facebook wp-block-embed is-type-video is-provider-facebook\"><div class=\"wp-block-embed__wrapper\">\nhttps:\/\/www.facebook.com\/okfmarroyito\/videos\/583449925591588\/\n<\/div><\/figure>\n\n\n\n<p>En este marco, anoche a las 20:00 horas, estaba previsto que el intendente encendiera la antorcha en la Plazoleta Islas Malvinas pero, grande fue la sorpresa cuando, a trav\u00e9s de im\u00e1genes que se publicaron en las redes sociales, se vio la participaci\u00f3n de unas 20 personas, entre veteranos, familiares de los h\u00e9roes de la gesta, el cura p\u00e1rroco Gabriel Camusso y autoridades municipales encabezadas por Gustavo Benedetti. <\/p>\n\n\n\n<p>Esta situaci\u00f3n qued\u00f3 registrada en la filmaci\u00f3n realizada en vivo por Facebook <strong>Ok FM Arroyito 95.5&nbsp;<\/strong>donde, si bien se escucha que el jefe municipal pide que se mantengan las distancias, el acto de unos 10 minutos termina desarroll\u00e1ndose con normalidad, con los asistentes uno al lado del otro dispuestos en torno al mandatario. <\/p>\n\n\n\n<p>El hecho fue comentado por gran n\u00famero de usuarios de las redes sociales, que, aunque brindaron un un\u00e1nime apoyo al reconocimiento de quienes fueron a la guerra, plantearon que no era la forma correcta de homenajearlos, en momentos donde se vive una cr\u00edtica emergencia sanitaria, que nos obliga a quedarnos en casa. <\/p>\n\n\n\n<p><strong>La palabra oficial<\/strong><\/p>\n\n\n\n<p><em>&#8220;El d\u00eda de ayer, en un breve encuentro, se encendi\u00f3 la llama votiva que ilumina el Monumento a los H\u00e9roes en la Plazoleta Malvinas, estar\u00e1 encendida durante una semana. Nos reunimos con ellos y con sus hijos, hicimos un minuto de silencio, rezamos y volvimos a nuestros hogares. Donde hoy entonaremos el Himno Nacional Argentino en nombre de cada uno de los que no volvieron, por sus familias y por Malvinas. Viva la Patria&#8221;<\/em>, remarcaron desde el Gobierno Municipal.<\/p>\n\n\n\n<p>La foto y el video son gentileza de <strong>Ok FM Arroyito 95.5 <\/strong>(agradecemos a Diego Griffa).<\/p>\n","protected":false},"excerpt":{"rendered":"<p>Caus\u00f3 pol\u00e9mica que unas 20 personas participaran del encendido de la antorcha en la Plazoleta Islas Malvinas, aunque los actos&hellip;<\/p>\n","protected":false},"author":3,"featured_media":8509,"comment_status":"closed","ping_status":"open","sticky":false,"template":"","format":"standard","meta":{"footnotes":""},"categories":[900],"tags":[1120,66,67,836,115,1108,1119,1102,968,515,572],"class_list":["post-8508","post","type-post","status-publish","format-standard","has-post-thumbnail","hentry","category-noticias","tag-aislamiento","tag-arroyito","tag-arroyito-cordoba","tag-arroyito-online","tag-benedetti","tag-coronavirus","tag-cuarentena","tag-gobierno-municipal","tag-gustavo-benedetti","tag-malvinas","tag-noticias-de-arroyito-y-zona"],"_links":{"self":[{"href":"https:\/\/arroyitoonline.com.ar\/index.php?rest_route=\/wp\/v2\/posts\/8508","targetHints":{"allow":["GET"]}}],"collection":[{"href":"https:\/\/arroyitoonline.com.ar\/index.php?rest_route=\/wp\/v2\/posts"}],"about":[{"href":"https:\/\/arroyitoonline.com.ar\/index.php?rest_route=\/wp\/v2\/types\/post"}],"author":[{"embeddable":true,"href":"https:\/\/arroyitoonline.com.ar\/index.php?rest_route=\/wp\/v2\/users\/3"}],"replies":[{"embeddable":true,"href":"https:\/\/arroyitoonline.com.ar\/index.php?rest_route=%2Fwp%2Fv2%2Fcomments&post=8508"}],"version-history":[{"count":3,"href":"https:\/\/arroyitoonline.com.ar\/index.php?rest_route=\/wp\/v2\/posts\/8508\/revisions"}],"predecessor-version":[{"id":8514,"href":"https:\/\/arroyitoonline.com.ar\/index.php?rest_route=\/wp\/v2\/posts\/8508\/revisions\/8514"}],"wp:featuredmedia":[{"embeddable":true,"href":"https:\/\/arroyitoonline.com.ar\/index.php?rest_route=\/wp\/v2\/media\/8509"}],"wp:attachment":[{"href":"https:\/\/arroyitoonline.com.ar\/index.php?rest_route=%2Fwp%2Fv2%2Fmedia&parent=8508"}],"wp:term":[{"taxonomy":"category","embeddable":true,"href":"https:\/\/arroyitoonline.com.ar\/index.php?rest_route=%2Fwp%2Fv2%2Fcategories&post=8508"},{"taxonomy":"post_tag","embeddable":true,"href":"https:\/\/arroyitoonline.com.ar\/index.php?rest_route=%2Fwp%2Fv2%2Ftags&post=8508"}],"curies":[{"name":"wp","href":"https:\/\/api.w.org\/{rel}","templated":true}]}}