{"id":8518,"date":"2020-04-03T00:26:05","date_gmt":"2020-04-03T00:26:05","guid":{"rendered":"https:\/\/arroyitoonline.com.ar\/?p=8518"},"modified":"2020-04-03T00:26:07","modified_gmt":"2020-04-03T00:26:07","slug":"hoy-es-el-dia-mundial-de-concientizacion-sobre-el-autismo","status":"publish","type":"post","link":"https:\/\/arroyitoonline.com.ar\/?p=8518","title":{"rendered":"Hoy es el D\u00eda Mundial de Concientizaci\u00f3n sobre el Autismo"},"content":{"rendered":"\n<p><strong>Este t\u00e9rmino gen\u00e9rico abarca afecciones tales como el autismo, el trastorno desintegrador infantil y el s\u00edndrome de Asperger. <\/strong><\/p>\n\n\n\n<p>El Gobierno Municipal, en el marco de Arroyito, Ciudad Amiga de Ni\u00f1os, Ni\u00f1as y Adolescentes, informa algunos datos, en el D\u00eda Mundial de Concientizaci\u00f3n sobre el Autismo.<\/p>\n\n\n\n<figure class=\"wp-block-image\"><img loading=\"lazy\" decoding=\"async\" width=\"1024\" height=\"1024\" src=\"https:\/\/arroyitoonline.com.ar\/wp-content\/uploads\/2020\/04\/autismo-1024x1024.jpeg\" alt=\"\" class=\"wp-image-8520\" srcset=\"https:\/\/arroyitoonline.com.ar\/wp-content\/uploads\/2020\/04\/autismo-1024x1024.jpeg 1024w, https:\/\/arroyitoonline.com.ar\/wp-content\/uploads\/2020\/04\/autismo-150x150.jpeg 150w, https:\/\/arroyitoonline.com.ar\/wp-content\/uploads\/2020\/04\/autismo-300x300.jpeg 300w, https:\/\/arroyitoonline.com.ar\/wp-content\/uploads\/2020\/04\/autismo-768x768.jpeg 768w, https:\/\/arroyitoonline.com.ar\/wp-content\/uploads\/2020\/04\/autismo.jpeg 1181w\" sizes=\"auto, (max-width: 1024px) 100vw, 1024px\" \/><\/figure>\n\n\n\n<p>\u00a0<strong>\u00bfQu\u00e9 es el autismo?<\/strong><\/p>\n\n\n\n<p>Los trastornos del espectro autista (TEA) son un grupo de complejos trastornos del desarrollo cerebral. Este t\u00e9rmino gen\u00e9rico abarca afecciones tales como el autismo, el trastorno desintegrador infantil y el s\u00edndrome de Asperger. Estos trastornos se caracterizan por dificultades en la comunicaci\u00f3n y la interacci\u00f3n social y por un repertorio de intereses y actividades restringido y repetitivo.<\/p>\n\n\n\n<p>\u00bfC\u00f3mo de com\u00fan es el autismo?<\/p>\n\n\n\n<p>Seg\u00fan estimaciones de estudios, un ni\u00f1o de cada 160 padece un trastorno del espectro autista.<\/p>\n\n\n\n<p>\u00bfVa el autismo acompa\u00f1ado siempre de discapacidad intelectual?<\/p>\n\n\n\n<p>El nivel de funcionamiento intelectual es muy variable entre las personas con TEA, pudiendo ir desde un deterioro profundo hasta la existencia de habilidades cognitivas no verbales superiores.<\/p>\n\n\n\n<p>\u00bfA qu\u00e9 edad se puede reconocer el autismo en los ni\u00f1os?<\/p>\n\n\n\n<p>Detectar un trastorno del espectro autista es dif\u00edcil durante los primeros 12 meses de vida, pero, en general, es posible establecer un diagn\u00f3stico antes de que el ni\u00f1o cumpla los dos a\u00f1os.<\/p>\n\n\n\n<p>Fuente: OMS<\/p>\n","protected":false},"excerpt":{"rendered":"<p>Este t\u00e9rmino gen\u00e9rico abarca afecciones tales como el autismo, el trastorno desintegrador infantil y el s\u00edndrome de Asperger. El Gobierno&hellip;<\/p>\n","protected":false},"author":3,"featured_media":8519,"comment_status":"closed","ping_status":"open","sticky":false,"template":"","format":"standard","meta":{"footnotes":""},"categories":[1097],"tags":[66,67,836,1130,296,1102,572],"class_list":["post-8518","post","type-post","status-publish","format-standard","has-post-thumbnail","hentry","category-discapacidad","tag-arroyito","tag-arroyito-cordoba","tag-arroyito-online","tag-autismo","tag-discapacidad","tag-gobierno-municipal","tag-noticias-de-arroyito-y-zona"],"_links":{"self":[{"href":"https:\/\/arroyitoonline.com.ar\/index.php?rest_route=\/wp\/v2\/posts\/8518","targetHints":{"allow":["GET"]}}],"collection":[{"href":"https:\/\/arroyitoonline.com.ar\/index.php?rest_route=\/wp\/v2\/posts"}],"about":[{"href":"https:\/\/arroyitoonline.com.ar\/index.php?rest_route=\/wp\/v2\/types\/post"}],"author":[{"embeddable":true,"href":"https:\/\/arroyitoonline.com.ar\/index.php?rest_route=\/wp\/v2\/users\/3"}],"replies":[{"embeddable":true,"href":"https:\/\/arroyitoonline.com.ar\/index.php?rest_route=%2Fwp%2Fv2%2Fcomments&post=8518"}],"version-history":[{"count":1,"href":"https:\/\/arroyitoonline.com.ar\/index.php?rest_route=\/wp\/v2\/posts\/8518\/revisions"}],"predecessor-version":[{"id":8521,"href":"https:\/\/arroyitoonline.com.ar\/index.php?rest_route=\/wp\/v2\/posts\/8518\/revisions\/8521"}],"wp:featuredmedia":[{"embeddable":true,"href":"https:\/\/arroyitoonline.com.ar\/index.php?rest_route=\/wp\/v2\/media\/8519"}],"wp:attachment":[{"href":"https:\/\/arroyitoonline.com.ar\/index.php?rest_route=%2Fwp%2Fv2%2Fmedia&parent=8518"}],"wp:term":[{"taxonomy":"category","embeddable":true,"href":"https:\/\/arroyitoonline.com.ar\/index.php?rest_route=%2Fwp%2Fv2%2Fcategories&post=8518"},{"taxonomy":"post_tag","embeddable":true,"href":"https:\/\/arroyitoonline.com.ar\/index.php?rest_route=%2Fwp%2Fv2%2Ftags&post=8518"}],"curies":[{"name":"wp","href":"https:\/\/api.w.org\/{rel}","templated":true}]}}