{"id":8531,"date":"2020-04-04T15:38:11","date_gmt":"2020-04-04T15:38:11","guid":{"rendered":"https:\/\/arroyitoonline.com.ar\/?p=8531"},"modified":"2020-04-04T15:38:19","modified_gmt":"2020-04-04T15:38:19","slug":"incumplimiento-del-aislamiento-detuvieron-a-un-hombre-y-demoraron-a-menor-de-16-anos","status":"publish","type":"post","link":"https:\/\/arroyitoonline.com.ar\/?p=8531","title":{"rendered":"Incumplimiento del aislamiento: detuvieron a un hombre y demoraron a menor de 16 a\u00f1os"},"content":{"rendered":"\n<p><strong>El sujeto de 38 a\u00f1os andaba en bicicleta y el joven circulaba en moto. Ninguno pudo justificar su presencia en la v\u00eda p\u00fablica.<\/strong><\/p>\n\n\n\n<p>El jueves 2 de abril, en nuestra ciudad, hubo dos aprehensiones por supuesta infracci\u00f3n al Decreto de Necesidad y Urgencia 297\/202: Aislamiento Social Preventivo y Obligatorio.<\/p>\n\n\n\n<p>A las 16:30 horas, personal policial traslad\u00f3, desde Caseros esquina P\u00edndaro Ludue\u00f1a, a un menor de 16 a\u00f1os que se encontraba circulando en moto Loncin 110 cc negra, sin dominio colocado.<\/p>\n\n\n\n<p>Cuando el joven fue entrevistado por el uniformado adujo que ten\u00eda conocimiento del decreto presidencial, pero no pudo justificar su presencia en ese lugar, motivo por el cual se entreg\u00f3 el procedimiento en la Unidad Judicial, donde se imparti\u00f3 la directiva de que el demorado fuera entregado a su hermana.<\/p>\n\n\n\n<p>Por su parte, a las 22:30 horas, la Polic\u00eda traslad\u00f3, desde L\u00f3pez y Planes 60, a un hombre de 38 a\u00f1os, que circulaba en una bicicleta marca Stark de colores blanco con negro y rojo, con parrilla.<\/p>\n\n\n\n<p>Al momento en que fue entrevistado por el uniformado explic\u00f3 que conoc\u00eda del DNU del Gobierno Nacional, pero no pudo justificar su presencia en ese lugar, motivo por el cual fue llevado a la Comisar\u00eda.<\/p>\n\n\n\n<p>Se entreg\u00f3 el procedimiento en la Unidad Judicial, se secuestr\u00f3 el rodado y el sujeto qued\u00f3 alojado en la dependencia policial local, con conocimiento e intervenci\u00f3n de la Fiscal\u00eda de Feria de San Francisco. <\/p>\n\n\n\n<p>Fuente: informe del jefe de la Comisar\u00eda Distrito Arroyito, subcomisario Milton Ullua.<\/p>\n","protected":false},"excerpt":{"rendered":"<p>El sujeto de 38 a\u00f1os andaba en bicicleta y el joven circulaba en moto. Ninguno pudo justificar su presencia en&hellip;<\/p>\n","protected":false},"author":3,"featured_media":2723,"comment_status":"closed","ping_status":"open","sticky":false,"template":"","format":"standard","meta":{"footnotes":""},"categories":[824],"tags":[1120,66,67,836,1108,1119,857,572,635,637,638,825],"class_list":["post-8531","post","type-post","status-publish","format-standard","has-post-thumbnail","hentry","category-policiales-online","tag-aislamiento","tag-arroyito","tag-arroyito-cordoba","tag-arroyito-online","tag-coronavirus","tag-cuarentena","tag-gobierno-nacional","tag-noticias-de-arroyito-y-zona","tag-policia","tag-policiales","tag-policiales-arroyito","tag-policiales-online"],"_links":{"self":[{"href":"https:\/\/arroyitoonline.com.ar\/index.php?rest_route=\/wp\/v2\/posts\/8531","targetHints":{"allow":["GET"]}}],"collection":[{"href":"https:\/\/arroyitoonline.com.ar\/index.php?rest_route=\/wp\/v2\/posts"}],"about":[{"href":"https:\/\/arroyitoonline.com.ar\/index.php?rest_route=\/wp\/v2\/types\/post"}],"author":[{"embeddable":true,"href":"https:\/\/arroyitoonline.com.ar\/index.php?rest_route=\/wp\/v2\/users\/3"}],"replies":[{"embeddable":true,"href":"https:\/\/arroyitoonline.com.ar\/index.php?rest_route=%2Fwp%2Fv2%2Fcomments&post=8531"}],"version-history":[{"count":1,"href":"https:\/\/arroyitoonline.com.ar\/index.php?rest_route=\/wp\/v2\/posts\/8531\/revisions"}],"predecessor-version":[{"id":8532,"href":"https:\/\/arroyitoonline.com.ar\/index.php?rest_route=\/wp\/v2\/posts\/8531\/revisions\/8532"}],"wp:featuredmedia":[{"embeddable":true,"href":"https:\/\/arroyitoonline.com.ar\/index.php?rest_route=\/wp\/v2\/media\/2723"}],"wp:attachment":[{"href":"https:\/\/arroyitoonline.com.ar\/index.php?rest_route=%2Fwp%2Fv2%2Fmedia&parent=8531"}],"wp:term":[{"taxonomy":"category","embeddable":true,"href":"https:\/\/arroyitoonline.com.ar\/index.php?rest_route=%2Fwp%2Fv2%2Fcategories&post=8531"},{"taxonomy":"post_tag","embeddable":true,"href":"https:\/\/arroyitoonline.com.ar\/index.php?rest_route=%2Fwp%2Fv2%2Ftags&post=8531"}],"curies":[{"name":"wp","href":"https:\/\/api.w.org\/{rel}","templated":true}]}}