{"id":8536,"date":"2020-04-06T01:45:18","date_gmt":"2020-04-06T01:45:18","guid":{"rendered":"https:\/\/arroyitoonline.com.ar\/?p=8536"},"modified":"2020-04-06T01:45:25","modified_gmt":"2020-04-06T01:45:25","slug":"la-anses-informara-quienes-podran-continuar-el-tramite-para-cobrar-ingreso-familiar-de-emergencia","status":"publish","type":"post","link":"https:\/\/arroyitoonline.com.ar\/?p=8536","title":{"rendered":"La Anses informar\u00e1 qui\u00e9nes podr\u00e1n continuar el tr\u00e1mite para cobrar Ingreso Familiar de Emergencia"},"content":{"rendered":"\n<p><strong>Los beneficiarios, que se informar\u00e1n desde esta medianoche, comenzar\u00e1n a cobrar el bono de $10.000 a partir del pr\u00f3ximo mi\u00e9rcoles 15 de abril. <\/strong><\/p>\n\n\n\n<p>Los m\u00e1s de 11 millones de preinscriptos que se registraron para recibir el Ingreso Familiar de Emergencia (IFE) podr\u00e1n conocer desde esta medianoche si re\u00fanen o no, los requisitos para acceder a esta prestaci\u00f3n extraordinaria de $10.000, que se cobrar\u00e1 en el curso de este mes para paliar los efectos de la cuarentena por el coronavirus.<\/p>\n\n\n\n<p>Para tal fin, la Administraci\u00f3n Nacional de la Seguridad Social (Anses) determin\u00f3 un cronograma de consulta en base a la terminaci\u00f3n del DNI, a trav\u00e9s de la p\u00e1gina web<a href=\"https:\/\/www.anses.gob.ar\/\" target=\"_blank\" rel=\"noreferrer noopener\">&nbsp;www.anses.gob.ar.<\/a><\/p>\n\n\n\n<p>En base a esto, a partir del primer minuto del lunes 6 de abril podr\u00e1n realizar la consulta los DNI terminados en cero y uno; el martes los finalizados en dos y tres; y el mi\u00e9rcoles los terminados en cuatro y cinco.<\/p>\n\n\n\n<p>En tanto, los finalizados en seis y siete podr\u00e1n consultar el jueves 9 de abril; y los terminados en ocho y nueve, el viernes 10.<\/p>\n\n\n\n<figure class=\"wp-block-image\"><img loading=\"lazy\" decoding=\"async\" width=\"732\" height=\"1024\" src=\"https:\/\/arroyitoonline.com.ar\/wp-content\/uploads\/2020\/04\/ingreso-familiar-de-emergencia-732x1024.jpg\" alt=\"\" class=\"wp-image-8538\" srcset=\"https:\/\/arroyitoonline.com.ar\/wp-content\/uploads\/2020\/04\/ingreso-familiar-de-emergencia-732x1024.jpg 732w, https:\/\/arroyitoonline.com.ar\/wp-content\/uploads\/2020\/04\/ingreso-familiar-de-emergencia-214x300.jpg 214w, https:\/\/arroyitoonline.com.ar\/wp-content\/uploads\/2020\/04\/ingreso-familiar-de-emergencia-768x1075.jpg 768w, https:\/\/arroyitoonline.com.ar\/wp-content\/uploads\/2020\/04\/ingreso-familiar-de-emergencia.jpg 1004w\" sizes=\"auto, (max-width: 732px) 100vw, 732px\" \/><figcaption><em>Desde este lunes 6, los solicitantes podr\u00e1n consultar si re\u00fanen los requisitos para su acceso al IFE.<\/em><\/figcaption><\/figure>\n\n\n\n<p>La cantidad de preinscripciones para el IFE cerr\u00f3 el viernes a la noche, con un total de 11.018.398 personas registradas de acuerdo con la informaci\u00f3n brindada por la Anses.<\/p>\n\n\n\n<p>En base a los n\u00fameros iniciales dados a conocer por la dependencia oficial, la cantidad de hogares en condiciones de recibir el bono suman alrededor de 3,6 millones.<\/p>\n\n\n\n<p>Los beneficiarios de la Asignaci\u00f3n Universal por Hijo y Asignaci\u00f3n por Embarazo -un total de 2,4 millones de beneficiarios- ya empezaron a percibir el bono de $10.000 de manera autom\u00e1tica.<\/p>\n\n\n\n<p>De hecho, el bono fue depositado el viernes en la cuenta bancaria de los titulares de Asignaci\u00f3n Universal por Hijo y por Embarazo que cumplen con los requisitos con documentos terminados en cero, uno, dos y tres .<\/p>\n\n\n\n<p>En tanto, entre ayer y hoy lo percibieron los beneficiarios de AUH y AUE con documentos finalizados en cuatro, cinco, seis, siete, ocho y nueve.<\/p>\n\n\n\n<p>El resto de los beneficiarios, que se informar\u00e1n desde esta medianoche, comenzar\u00e1n a cobrar el bono de $10.000 a partir del pr\u00f3ximo mi\u00e9rcoles 15 de abril.<\/p>\n\n\n\n<p>Una vez que termine la etapa de consulta, a los que resulten beneficiarios se les pedir\u00e1n datos de contacto y se les informar\u00e1 la forma en la que recibir\u00e1n el pago, que puede ser a trav\u00e9s de una cuenta bancaria u otro mecanismo que se definir\u00e1 en las pr\u00f3ximas horas.<\/p>\n\n\n\n<p>En los \u00faltimos d\u00edas, el gerente general de Anses, Santiago Fraschina, explic\u00f3 que sobre el universo de inscriptos<em> &#8220;vamos a hacer un cruzamiento de datos para ver si en el grupo familiar no hay alguien en relaci\u00f3n de dependencia o monotributiasta con categor\u00eda C o superior o que reciba otros ingresos&#8221;<\/em>.<\/p>\n\n\n\n<p>Dijo que tambi\u00e9n se har\u00e1 con la AFIP un<em> &#8220;an\u00e1lisis socioecon\u00f3mico y patrimonial y a partir de eso ver cu\u00e1ntos de los preinscriptos est\u00e1n en condiciones de recibir el IFE&#8221;<\/em>.<\/p>\n\n\n\n<p>En base a datos preliminares, la regi\u00f3n del AMBA concentra la mayor cantidad de beneficiarios que cobrar\u00e1n el IFE por ser titulares de la AUH y AUE, con el 38% del total a nivel pa\u00eds.<\/p>\n\n\n\n<p>El bono extraordinario ser\u00e1 \u00fanico por familia y corresponder\u00e1 a trabajadores informales, de casas particulares, monotributistas sociales y de las categor\u00edas A y B que sean argentinos nativos o naturalizados o residentes, con una residencia legal en el pa\u00eds no inferior a 2 a\u00f1os, y de entre 18 y 65 a\u00f1os.<\/p>\n\n\n\n<p>A su vez, podr\u00e1n contar con la asignaci\u00f3n, siempre que no haya en el n\u00facleo familiar otra persona con un trabajo en relaci\u00f3n de dependencia en el sector p\u00fablico o privado; los monotributistas de la categor\u00eda C o superior o del r\u00e9gimen de aut\u00f3nomos de una prestaci\u00f3n de desempleo o de jubilaciones.<\/p>\n\n\n\n<p>Fuente: Telam.<\/p>\n","protected":false},"excerpt":{"rendered":"<p>Los beneficiarios, que se informar\u00e1n desde esta medianoche, comenzar\u00e1n a cobrar el bono de $10.000 a partir del pr\u00f3ximo mi\u00e9rcoles&hellip;<\/p>\n","protected":false},"author":3,"featured_media":8537,"comment_status":"closed","ping_status":"open","sticky":false,"template":"","format":"standard","meta":{"footnotes":""},"categories":[1106],"tags":[54,66,67,836,857,1132,572,768],"class_list":["post-8536","post","type-post","status-publish","format-standard","has-post-thumbnail","hentry","category-trabajo","tag-anses","tag-arroyito","tag-arroyito-cordoba","tag-arroyito-online","tag-gobierno-nacional","tag-ingreso-familiar-de-emergencia","tag-noticias-de-arroyito-y-zona","tag-trabajo"],"_links":{"self":[{"href":"https:\/\/arroyitoonline.com.ar\/index.php?rest_route=\/wp\/v2\/posts\/8536","targetHints":{"allow":["GET"]}}],"collection":[{"href":"https:\/\/arroyitoonline.com.ar\/index.php?rest_route=\/wp\/v2\/posts"}],"about":[{"href":"https:\/\/arroyitoonline.com.ar\/index.php?rest_route=\/wp\/v2\/types\/post"}],"author":[{"embeddable":true,"href":"https:\/\/arroyitoonline.com.ar\/index.php?rest_route=\/wp\/v2\/users\/3"}],"replies":[{"embeddable":true,"href":"https:\/\/arroyitoonline.com.ar\/index.php?rest_route=%2Fwp%2Fv2%2Fcomments&post=8536"}],"version-history":[{"count":1,"href":"https:\/\/arroyitoonline.com.ar\/index.php?rest_route=\/wp\/v2\/posts\/8536\/revisions"}],"predecessor-version":[{"id":8539,"href":"https:\/\/arroyitoonline.com.ar\/index.php?rest_route=\/wp\/v2\/posts\/8536\/revisions\/8539"}],"wp:featuredmedia":[{"embeddable":true,"href":"https:\/\/arroyitoonline.com.ar\/index.php?rest_route=\/wp\/v2\/media\/8537"}],"wp:attachment":[{"href":"https:\/\/arroyitoonline.com.ar\/index.php?rest_route=%2Fwp%2Fv2%2Fmedia&parent=8536"}],"wp:term":[{"taxonomy":"category","embeddable":true,"href":"https:\/\/arroyitoonline.com.ar\/index.php?rest_route=%2Fwp%2Fv2%2Fcategories&post=8536"},{"taxonomy":"post_tag","embeddable":true,"href":"https:\/\/arroyitoonline.com.ar\/index.php?rest_route=%2Fwp%2Fv2%2Ftags&post=8536"}],"curies":[{"name":"wp","href":"https:\/\/api.w.org\/{rel}","templated":true}]}}