{"id":8544,"date":"2020-04-06T13:39:56","date_gmt":"2020-04-06T13:39:56","guid":{"rendered":"https:\/\/arroyitoonline.com.ar\/?p=8544"},"modified":"2020-04-06T13:40:00","modified_gmt":"2020-04-06T13:40:00","slug":"detuvieron-a-joven-que-tomaba-cerveza-violando-el-aislamiento-no-tengo-que-rendirle-cuentas-a-nadie","status":"publish","type":"post","link":"https:\/\/arroyitoonline.com.ar\/?p=8544","title":{"rendered":"Detuvieron a joven que tomaba cerveza violando el aislamiento: &#8220;no tengo que rendirle cuentas a nadie&#8221;"},"content":{"rendered":"\n<p><strong>La mujer de 28 a\u00f1os qued\u00f3 alojada en la Comisar\u00eda local, por supuesta infracci\u00f3n al Decreto de Necesidad y Urgencia 297\/2020 de Presidencia de la Naci\u00f3n. <\/strong><\/p>\n\n\n\n<p>A las 2:35 de la madrugada de hoy, la Polic\u00eda fue alertada de una reuni\u00f3n entre j\u00f3venes en el domicilio de Alfonsina Storni 1715. <\/p>\n\n\n\n<p>All\u00ed se constituyeron m\u00f3viles\npoliciales trasladando a una mujer de 28 a\u00f1os. Cuando fue interrogada sobre su\npresencia en el lugar, manifest\u00f3 que estaba tomando una cerveza y que no deb\u00eda\nrendirle cuentas a nadie por su proceder.<\/p>\n\n\n\n<p>Como consecuencia, los uniformados la notificaron por la violaci\u00f3n del Decreto de Necesidad y Urgencia 297\/2020 de Presidencia de la Naci\u00f3n traslad\u00e1ndola a la Comisar\u00eda local inici\u00e1ndose actuaciones sumariales, por supuesta infracci\u00f3n del Aislamiento Social Preventivo y Obligatorio, quedando a disposici\u00f3n de la Fiscal\u00eda de Instrucci\u00f3n de Feria de Las Varrilas.<\/p>\n\n\n\n<p>Fuente: informe del jefe de la\nComisar\u00eda Distrito Arroyito, subcomisario Milton Ullua. <\/p>\n","protected":false},"excerpt":{"rendered":"<p>La mujer de 28 a\u00f1os qued\u00f3 alojada en la Comisar\u00eda local, por supuesta infracci\u00f3n al Decreto de Necesidad y Urgencia&hellip;<\/p>\n","protected":false},"author":3,"featured_media":3993,"comment_status":"closed","ping_status":"open","sticky":false,"template":"","format":"standard","meta":{"footnotes":""},"categories":[824],"tags":[1120,66,67,836,1108,1119,572,635,637,638,825],"class_list":["post-8544","post","type-post","status-publish","format-standard","has-post-thumbnail","hentry","category-policiales-online","tag-aislamiento","tag-arroyito","tag-arroyito-cordoba","tag-arroyito-online","tag-coronavirus","tag-cuarentena","tag-noticias-de-arroyito-y-zona","tag-policia","tag-policiales","tag-policiales-arroyito","tag-policiales-online"],"_links":{"self":[{"href":"https:\/\/arroyitoonline.com.ar\/index.php?rest_route=\/wp\/v2\/posts\/8544","targetHints":{"allow":["GET"]}}],"collection":[{"href":"https:\/\/arroyitoonline.com.ar\/index.php?rest_route=\/wp\/v2\/posts"}],"about":[{"href":"https:\/\/arroyitoonline.com.ar\/index.php?rest_route=\/wp\/v2\/types\/post"}],"author":[{"embeddable":true,"href":"https:\/\/arroyitoonline.com.ar\/index.php?rest_route=\/wp\/v2\/users\/3"}],"replies":[{"embeddable":true,"href":"https:\/\/arroyitoonline.com.ar\/index.php?rest_route=%2Fwp%2Fv2%2Fcomments&post=8544"}],"version-history":[{"count":1,"href":"https:\/\/arroyitoonline.com.ar\/index.php?rest_route=\/wp\/v2\/posts\/8544\/revisions"}],"predecessor-version":[{"id":8545,"href":"https:\/\/arroyitoonline.com.ar\/index.php?rest_route=\/wp\/v2\/posts\/8544\/revisions\/8545"}],"wp:featuredmedia":[{"embeddable":true,"href":"https:\/\/arroyitoonline.com.ar\/index.php?rest_route=\/wp\/v2\/media\/3993"}],"wp:attachment":[{"href":"https:\/\/arroyitoonline.com.ar\/index.php?rest_route=%2Fwp%2Fv2%2Fmedia&parent=8544"}],"wp:term":[{"taxonomy":"category","embeddable":true,"href":"https:\/\/arroyitoonline.com.ar\/index.php?rest_route=%2Fwp%2Fv2%2Fcategories&post=8544"},{"taxonomy":"post_tag","embeddable":true,"href":"https:\/\/arroyitoonline.com.ar\/index.php?rest_route=%2Fwp%2Fv2%2Ftags&post=8544"}],"curies":[{"name":"wp","href":"https:\/\/api.w.org\/{rel}","templated":true}]}}