{"id":8547,"date":"2020-04-07T00:15:10","date_gmt":"2020-04-07T00:15:10","guid":{"rendered":"https:\/\/arroyitoonline.com.ar\/?p=8547"},"modified":"2020-04-07T00:22:50","modified_gmt":"2020-04-07T00:22:50","slug":"el-gobierno-municipal-pone-en-marcha-el-control-solidario-de-precios","status":"publish","type":"post","link":"https:\/\/arroyitoonline.com.ar\/?p=8547","title":{"rendered":"El Gobierno Municipal pone en marcha el Control Solidario de Precios"},"content":{"rendered":"\n<p><strong>Mediante decreto, el intendente Benedetti facult\u00f3 a sus funcionarios para que hagan constataciones de excesos en los comercios.<\/strong><\/p>\n\n\n\n<p>Hoy, el intendente Gustavo Benedetti, en uso de sus atribuciones y mediante el Decreto N\u00b0 139-c20, atribuy\u00f3 a la totalidad de los funcionarios: secretarios, directores y coordinadores, la facultad de que inspeccionen, controlen y constaten, labrando actas de infracci\u00f3n, verificando el cumplimiento de la legislaci\u00f3n vigente en materia de Tr\u00e1nsito, Comercio y Bromatolog\u00eda, Obras y Servicios P\u00fablicos.<\/p>\n\n\n\n<p>En este marco, el Departamento Ejecutivo Municipal con el apoyo del Centro Comercial e Industrial, pone en marcha el Control Solidario de Precios, mediante el cual, funcionarios podr\u00e1n realizar constataciones de excesos en comercios, sobre los <a href=\"https:\/\/preciosmaximos.argentina.gob.ar\/#\/provincia\/C%C3%B3rdoba\">Precios M\u00e1ximos de Referencia<\/a> dispuestos por el Gobierno Nacional.<br><br>Adem\u00e1s, se lanzar\u00e1n dos opciones sociales de Control Solidario de Precios: por una parte se pondr\u00e1 a disposici\u00f3n de los vecinos un n\u00famero de tel\u00e9fono para el env\u00edo de informaci\u00f3n (tipo de producto, marca, precio y comercio) y las fotos que den testimonio de la venta con sobreprecio; por otra parte, se abrir\u00e1 un link de registro de estos datos para la realizaci\u00f3n de esos avisos de manera online.<br><br>Fuente: Comunicaci\u00f3n y Protocolo del Gobierno Municipal. <\/p>\n","protected":false},"excerpt":{"rendered":"<p>Mediante decreto, el intendente Benedetti facult\u00f3 a sus funcionarios para que hagan constataciones de excesos en los comercios. Hoy, el&hellip;<\/p>\n","protected":false},"author":3,"featured_media":8548,"comment_status":"closed","ping_status":"open","sticky":false,"template":"","format":"standard","meta":{"footnotes":""},"categories":[996],"tags":[1120,66,67,836,115,168,217,1108,1119,1102,857,968,572,644],"class_list":["post-8547","post","type-post","status-publish","format-standard","has-post-thumbnail","hentry","category-comercio","tag-aislamiento","tag-arroyito","tag-arroyito-cordoba","tag-arroyito-online","tag-benedetti","tag-centro-comercial","tag-comercio","tag-coronavirus","tag-cuarentena","tag-gobierno-municipal","tag-gobierno-nacional","tag-gustavo-benedetti","tag-noticias-de-arroyito-y-zona","tag-precios"],"_links":{"self":[{"href":"https:\/\/arroyitoonline.com.ar\/index.php?rest_route=\/wp\/v2\/posts\/8547","targetHints":{"allow":["GET"]}}],"collection":[{"href":"https:\/\/arroyitoonline.com.ar\/index.php?rest_route=\/wp\/v2\/posts"}],"about":[{"href":"https:\/\/arroyitoonline.com.ar\/index.php?rest_route=\/wp\/v2\/types\/post"}],"author":[{"embeddable":true,"href":"https:\/\/arroyitoonline.com.ar\/index.php?rest_route=\/wp\/v2\/users\/3"}],"replies":[{"embeddable":true,"href":"https:\/\/arroyitoonline.com.ar\/index.php?rest_route=%2Fwp%2Fv2%2Fcomments&post=8547"}],"version-history":[{"count":2,"href":"https:\/\/arroyitoonline.com.ar\/index.php?rest_route=\/wp\/v2\/posts\/8547\/revisions"}],"predecessor-version":[{"id":8550,"href":"https:\/\/arroyitoonline.com.ar\/index.php?rest_route=\/wp\/v2\/posts\/8547\/revisions\/8550"}],"wp:featuredmedia":[{"embeddable":true,"href":"https:\/\/arroyitoonline.com.ar\/index.php?rest_route=\/wp\/v2\/media\/8548"}],"wp:attachment":[{"href":"https:\/\/arroyitoonline.com.ar\/index.php?rest_route=%2Fwp%2Fv2%2Fmedia&parent=8547"}],"wp:term":[{"taxonomy":"category","embeddable":true,"href":"https:\/\/arroyitoonline.com.ar\/index.php?rest_route=%2Fwp%2Fv2%2Fcategories&post=8547"},{"taxonomy":"post_tag","embeddable":true,"href":"https:\/\/arroyitoonline.com.ar\/index.php?rest_route=%2Fwp%2Fv2%2Ftags&post=8547"}],"curies":[{"name":"wp","href":"https:\/\/api.w.org\/{rel}","templated":true}]}}