{"id":8555,"date":"2020-04-08T02:57:40","date_gmt":"2020-04-08T02:57:40","guid":{"rendered":"https:\/\/arroyitoonline.com.ar\/?p=8555"},"modified":"2020-04-08T02:57:46","modified_gmt":"2020-04-08T02:57:46","slug":"planes-casa-y-casa-social-el-gobierno-municipal-habilito-un-numero-telefonico-para-el-pago-de-cuotas","status":"publish","type":"post","link":"https:\/\/arroyitoonline.com.ar\/?p=8555","title":{"rendered":"Planes Casa y Casa Social: el Gobierno Municipal habilit\u00f3 un n\u00famero telef\u00f3nico para el pago de cuotas"},"content":{"rendered":"\n<p><strong>La l\u00ednea corresponde al \u00e1rea de Desarrollo Urbano y H\u00e1bitat, desde donde se brindar\u00e1 asesor\u00eda a los adherentes.<\/strong><\/p>\n\n\n\n<p>El Gobierno Municipal informa que, quienes quieran mantener las cuotas de los Planes Casa y Casa Social al d\u00eda, pueden comunicarse, mediante llamadas o mensajes de WhatsApp, al n\u00famero de tel\u00e9fono 03576 15477519 correspondiente al \u00e1rea de Desarrollo Urbano y H\u00e1bitat, y se les brindar\u00e1 asesor\u00eda.<\/p>\n\n\n\n<figure class=\"wp-block-image\"><img loading=\"lazy\" decoding=\"async\" width=\"576\" height=\"1024\" src=\"https:\/\/arroyitoonline.com.ar\/wp-content\/uploads\/2020\/04\/pagar-cuotas-planes-viviendas-576x1024.jpeg\" alt=\"\" class=\"wp-image-8556\" srcset=\"https:\/\/arroyitoonline.com.ar\/wp-content\/uploads\/2020\/04\/pagar-cuotas-planes-viviendas-576x1024.jpeg 576w, https:\/\/arroyitoonline.com.ar\/wp-content\/uploads\/2020\/04\/pagar-cuotas-planes-viviendas-169x300.jpeg 169w, https:\/\/arroyitoonline.com.ar\/wp-content\/uploads\/2020\/04\/pagar-cuotas-planes-viviendas.jpeg 720w\" sizes=\"auto, (max-width: 576px) 100vw, 576px\" \/><\/figure>\n\n\n\n<p><em>&#8220;Nos comprometemos para que puedas realizar tus tr\u00e1mites de manera segura. Nos cuidamos todos juntos&#8221;<\/em>, se\u00f1alaron desde el Gobierno Municipal. <\/p>\n\n\n\n<p>Fuente: Comunicaci\u00f3n y Protocolo del Gobierno Municipal. <\/p>\n","protected":false},"excerpt":{"rendered":"<p>La l\u00ednea corresponde al \u00e1rea de Desarrollo Urbano y H\u00e1bitat, desde donde se brindar\u00e1 asesor\u00eda a los adherentes. El Gobierno&hellip;<\/p>\n","protected":false},"author":3,"featured_media":7358,"comment_status":"closed","ping_status":"open","sticky":false,"template":"","format":"standard","meta":{"footnotes":""},"categories":[829],"tags":[66,67,836,1102,572,624,625,813],"class_list":["post-8555","post","type-post","status-publish","format-standard","has-post-thumbnail","hentry","category-municipales-online","tag-arroyito","tag-arroyito-cordoba","tag-arroyito-online","tag-gobierno-municipal","tag-noticias-de-arroyito-y-zona","tag-plan-casa","tag-plan-casa-social","tag-viviendas"],"_links":{"self":[{"href":"https:\/\/arroyitoonline.com.ar\/index.php?rest_route=\/wp\/v2\/posts\/8555","targetHints":{"allow":["GET"]}}],"collection":[{"href":"https:\/\/arroyitoonline.com.ar\/index.php?rest_route=\/wp\/v2\/posts"}],"about":[{"href":"https:\/\/arroyitoonline.com.ar\/index.php?rest_route=\/wp\/v2\/types\/post"}],"author":[{"embeddable":true,"href":"https:\/\/arroyitoonline.com.ar\/index.php?rest_route=\/wp\/v2\/users\/3"}],"replies":[{"embeddable":true,"href":"https:\/\/arroyitoonline.com.ar\/index.php?rest_route=%2Fwp%2Fv2%2Fcomments&post=8555"}],"version-history":[{"count":1,"href":"https:\/\/arroyitoonline.com.ar\/index.php?rest_route=\/wp\/v2\/posts\/8555\/revisions"}],"predecessor-version":[{"id":8557,"href":"https:\/\/arroyitoonline.com.ar\/index.php?rest_route=\/wp\/v2\/posts\/8555\/revisions\/8557"}],"wp:featuredmedia":[{"embeddable":true,"href":"https:\/\/arroyitoonline.com.ar\/index.php?rest_route=\/wp\/v2\/media\/7358"}],"wp:attachment":[{"href":"https:\/\/arroyitoonline.com.ar\/index.php?rest_route=%2Fwp%2Fv2%2Fmedia&parent=8555"}],"wp:term":[{"taxonomy":"category","embeddable":true,"href":"https:\/\/arroyitoonline.com.ar\/index.php?rest_route=%2Fwp%2Fv2%2Fcategories&post=8555"},{"taxonomy":"post_tag","embeddable":true,"href":"https:\/\/arroyitoonline.com.ar\/index.php?rest_route=%2Fwp%2Fv2%2Ftags&post=8555"}],"curies":[{"name":"wp","href":"https:\/\/api.w.org\/{rel}","templated":true}]}}