{"id":8558,"date":"2020-04-07T09:58:10","date_gmt":"2020-04-07T09:58:10","guid":{"rendered":"https:\/\/arroyitoonline.com.ar\/?p=8558"},"modified":"2020-04-08T03:10:42","modified_gmt":"2020-04-08T03:10:42","slug":"paicor-entrega-modulos-alimentarios-en-las-escuelas-locales","status":"publish","type":"post","link":"https:\/\/arroyitoonline.com.ar\/?p=8558","title":{"rendered":"PAIcor entrega m\u00f3dulos alimentarios en las escuelas locales"},"content":{"rendered":"\n<p><strong>Entre los d\u00edas martes 7 y jueves 9 se otorgan a cada beneficiario, y equivalen a las necesidades nutricionales de todo el mes de abril.<\/strong><\/p>\n\n\n\n<p>Ante la situaci\u00f3n epidemiol\u00f3gica imperante, los M\u00f3dulos Alimentarios Generales por Beneficiario, pertenecientes al Programa de Asistencia Integral de C\u00f3rdoba (PAICor), ser\u00e1n entregados en las escuelas entre los d\u00edas martes 7 y jueves 9 de abril.<\/p>\n\n\n\n<p>Estos m\u00f3dulos ser\u00e1n equivalentes a las necesidades nutricionales de todo el mes de abril y las fechas y horarios de las entregas ser\u00e1n comunicados por cada escuela.<br><\/p>\n\n\n\n<p>Fuente: Comunicaci\u00f3n y Protocolo del Gobierno Municipal.<\/p>\n\n\n\n<p>Imagen solo a modo ilustrativo: Las Varillas Vive.<\/p>\n","protected":false},"excerpt":{"rendered":"<p>Entre los d\u00edas martes 7 y jueves 9 se otorgan a cada beneficiario, y equivalen a las necesidades nutricionales de&hellip;<\/p>\n","protected":false},"author":3,"featured_media":8559,"comment_status":"closed","ping_status":"open","sticky":false,"template":"","format":"standard","meta":{"footnotes":""},"categories":[962],"tags":[1120,66,67,836,1108,1119,310,348,404,405,1102,572,593],"class_list":["post-8558","post","type-post","status-publish","format-standard","has-post-thumbnail","hentry","category-ninez-y-adolescencia","tag-aislamiento","tag-arroyito","tag-arroyito-cordoba","tag-arroyito-online","tag-coronavirus","tag-cuarentena","tag-educacion","tag-escuelas","tag-gobierno-de-cordoba","tag-gobierno-de-la-provincia","tag-gobierno-municipal","tag-noticias-de-arroyito-y-zona","tag-paicor"],"_links":{"self":[{"href":"https:\/\/arroyitoonline.com.ar\/index.php?rest_route=\/wp\/v2\/posts\/8558","targetHints":{"allow":["GET"]}}],"collection":[{"href":"https:\/\/arroyitoonline.com.ar\/index.php?rest_route=\/wp\/v2\/posts"}],"about":[{"href":"https:\/\/arroyitoonline.com.ar\/index.php?rest_route=\/wp\/v2\/types\/post"}],"author":[{"embeddable":true,"href":"https:\/\/arroyitoonline.com.ar\/index.php?rest_route=\/wp\/v2\/users\/3"}],"replies":[{"embeddable":true,"href":"https:\/\/arroyitoonline.com.ar\/index.php?rest_route=%2Fwp%2Fv2%2Fcomments&post=8558"}],"version-history":[{"count":1,"href":"https:\/\/arroyitoonline.com.ar\/index.php?rest_route=\/wp\/v2\/posts\/8558\/revisions"}],"predecessor-version":[{"id":8560,"href":"https:\/\/arroyitoonline.com.ar\/index.php?rest_route=\/wp\/v2\/posts\/8558\/revisions\/8560"}],"wp:featuredmedia":[{"embeddable":true,"href":"https:\/\/arroyitoonline.com.ar\/index.php?rest_route=\/wp\/v2\/media\/8559"}],"wp:attachment":[{"href":"https:\/\/arroyitoonline.com.ar\/index.php?rest_route=%2Fwp%2Fv2%2Fmedia&parent=8558"}],"wp:term":[{"taxonomy":"category","embeddable":true,"href":"https:\/\/arroyitoonline.com.ar\/index.php?rest_route=%2Fwp%2Fv2%2Fcategories&post=8558"},{"taxonomy":"post_tag","embeddable":true,"href":"https:\/\/arroyitoonline.com.ar\/index.php?rest_route=%2Fwp%2Fv2%2Ftags&post=8558"}],"curies":[{"name":"wp","href":"https:\/\/api.w.org\/{rel}","templated":true}]}}