{"id":8587,"date":"2020-04-09T15:27:16","date_gmt":"2020-04-09T15:27:16","guid":{"rendered":"https:\/\/arroyitoonline.com.ar\/?p=8587"},"modified":"2020-04-09T16:21:08","modified_gmt":"2020-04-09T16:21:08","slug":"coronavirus-un-camionero-de-zona-rural-es-el-segundo-caso-sospechoso-local","status":"publish","type":"post","link":"https:\/\/arroyitoonline.com.ar\/?p=8587","title":{"rendered":"Coronavirus: un camionero de zona rural es el segundo caso sospechoso local"},"content":{"rendered":"\n<p><strong>El transportista regresaba desde Rosario (Sante Fe), ingres\u00f3 al hospital municipal con s\u00edntomas y fue asistido por la Guardia de aislamiento.<\/strong><\/p>\n\n\n\n<p>El Hospital Municipal Carlos J. Rodr\u00edguez informa que se registra un nuevo caso sospechosos de coronavirus a nivel local.<\/p>\n\n\n\n<p>Se trata de un paciente que reside en zona rural (cercan\u00edas a La Curva), es de ocupaci\u00f3n transportista y se encontraba arribando desde Rosario (Santa Fe). Ingres\u00f3 ayer por la noche al nosocomio municipal, con s\u00edntomas, siendo asistido por la guardia de aislamiento.<\/p>\n\n\n\n<p>El paciente se encuentra evolucionando de manera favorable, y permanece aislado al aguardo de los resultados de los estudios. Su familia y contactos estrechos tambi\u00e9n est\u00e1n en aislamiento domiciliario.<\/p>\n\n\n\n<p>Por otra parte, tanto el comerciante chino propietario de un supermercado local, que arrib\u00f3 desde Chaco y fue puesto en aislamiento domiciliario por prevenci\u00f3n -pero no reun\u00eda condiciones de caso sospechoso-, y sus contactos estrechos, superaron el periodo de cuarentena sin s\u00edntomas. Con lo cual el comercio ya se encuentra habilitado.<\/p>\n\n\n\n<p>El Hospital Municipal sigue trabajando con la m\u00e1xima seguridad y calidad de atenci\u00f3n seg\u00fan establecen los Protocolos del Ministerio de Salud de la Provincia.<\/p>\n\n\n\n<p>Desde el nosocomio piden a la poblaci\u00f3n que permanezca con tranquilidad y respetando las medidas de prevenci\u00f3n.<\/p>\n\n\n\n<p>Fuente: Comunicaci\u00f3n y Protocolo del Gobierno Municipal.<\/p>\n","protected":false},"excerpt":{"rendered":"<p>El transportista regresaba desde Rosario (Sante Fe), ingres\u00f3 al hospital municipal con s\u00edntomas y fue asistido por la Guardia de&hellip;<\/p>\n","protected":false},"author":3,"featured_media":7160,"comment_status":"closed","ping_status":"open","sticky":false,"template":"","format":"standard","meta":{"footnotes":""},"categories":[9],"tags":[1120,66,67,836,1108,1119,426,483,572,706],"class_list":["post-8587","post","type-post","status-publish","format-standard","has-post-thumbnail","hentry","category-infosalud","tag-aislamiento","tag-arroyito","tag-arroyito-cordoba","tag-arroyito-online","tag-coronavirus","tag-cuarentena","tag-hospital","tag-la-curva","tag-noticias-de-arroyito-y-zona","tag-salud"],"_links":{"self":[{"href":"https:\/\/arroyitoonline.com.ar\/index.php?rest_route=\/wp\/v2\/posts\/8587","targetHints":{"allow":["GET"]}}],"collection":[{"href":"https:\/\/arroyitoonline.com.ar\/index.php?rest_route=\/wp\/v2\/posts"}],"about":[{"href":"https:\/\/arroyitoonline.com.ar\/index.php?rest_route=\/wp\/v2\/types\/post"}],"author":[{"embeddable":true,"href":"https:\/\/arroyitoonline.com.ar\/index.php?rest_route=\/wp\/v2\/users\/3"}],"replies":[{"embeddable":true,"href":"https:\/\/arroyitoonline.com.ar\/index.php?rest_route=%2Fwp%2Fv2%2Fcomments&post=8587"}],"version-history":[{"count":2,"href":"https:\/\/arroyitoonline.com.ar\/index.php?rest_route=\/wp\/v2\/posts\/8587\/revisions"}],"predecessor-version":[{"id":8589,"href":"https:\/\/arroyitoonline.com.ar\/index.php?rest_route=\/wp\/v2\/posts\/8587\/revisions\/8589"}],"wp:featuredmedia":[{"embeddable":true,"href":"https:\/\/arroyitoonline.com.ar\/index.php?rest_route=\/wp\/v2\/media\/7160"}],"wp:attachment":[{"href":"https:\/\/arroyitoonline.com.ar\/index.php?rest_route=%2Fwp%2Fv2%2Fmedia&parent=8587"}],"wp:term":[{"taxonomy":"category","embeddable":true,"href":"https:\/\/arroyitoonline.com.ar\/index.php?rest_route=%2Fwp%2Fv2%2Fcategories&post=8587"},{"taxonomy":"post_tag","embeddable":true,"href":"https:\/\/arroyitoonline.com.ar\/index.php?rest_route=%2Fwp%2Fv2%2Ftags&post=8587"}],"curies":[{"name":"wp","href":"https:\/\/api.w.org\/{rel}","templated":true}]}}