{"id":8602,"date":"2020-04-12T22:00:17","date_gmt":"2020-04-12T22:00:17","guid":{"rendered":"https:\/\/arroyitoonline.com.ar\/?p=8602"},"modified":"2020-04-13T01:08:29","modified_gmt":"2020-04-13T01:08:29","slug":"el-gobierno-municipal-desmalezo-130-lotes-privados-y-supero-las-1-500-manzanas-fumigadas","status":"publish","type":"post","link":"https:\/\/arroyitoonline.com.ar\/?p=8602","title":{"rendered":"El Gobierno Municipal desmalez\u00f3 130 lotes privados y super\u00f3 las 1.500 manzanas fumigadas"},"content":{"rendered":"\n<p><strong>En la actual gesti\u00f3n se aumentaron las cuadrillas de trabajo para el desmalezado, corte de pasto y eliminaci\u00f3n de mosquitos. <\/strong><\/p>\n\n\n\n<p>Desde el comienzo de la gesti\u00f3n del intendente Gustavo Benedetti se aumentaron las cuadrillas de trabajo para el desmalezado, corte el pasto y eliminaci\u00f3n de criaderos de mosquitos transmisores de dengue.<\/p>\n\n\n\n<p>Solo en el mes de marzo se han realizado un total de 320 notificaciones y se ha intervenido 130 lotes privados, a trav\u00e9s de su desmalezado.<\/p>\n\n\n\n<figure class=\"wp-block-image\"><img decoding=\"async\" src=\"http:\/\/www.municipioarroyito.gob.ar\/images\/sitio\/noticias\/inicio\/2020\/Marzo\/desmalezado_2.jpeg\" alt=\"desmalezado 2\"\/><\/figure>\n\n\n\n<p>Por otra parte, en los \u00faltimos 30 d\u00edas, se han superado las 1.500 manzanas fumigadas, intensificando de manera enorme, la cantidad de fumigaciones que estaban previstas en el calendario.<\/p>\n\n\n\n<p>En marzo se ha pulverizado de manera completa la ciudad en varias oportunidades por parte de la Municipalidad y con la colaboraci\u00f3n de la empresa Coplar, para la fumigaci\u00f3n espacial en El Fuertecito y La Curva, que el Municipio repiti\u00f3 luego.<\/p>\n\n\n\n<p>El Gobierno de la Provincia de C\u00f3rdoba ha sumado tambi\u00e9n sus esfuerzos, fumigando un total de 285 manzanas, en cuatro oportunidades, siendo guiados en la circulaci\u00f3n vial, por Bomberos Voluntarios Arroyito y por Cespal.<\/p>\n\n\n\n<figure class=\"wp-block-image\"><img decoding=\"async\" src=\"http:\/\/www.municipioarroyito.gob.ar\/images\/sitio\/noticias\/inicio\/2020\/Marzo\/fumigaciones1.jpeg\" alt=\"fumigaciones1\"\/><\/figure>\n\n\n\n<p>La coordinaci\u00f3n de tan importantes avances est\u00e1 a cargo de un equipo compuesto por: viceintendente Mar\u00eda Jos\u00e9 Esp\u00f3sito; secretario de Servicios P\u00fablicos, Jes\u00fas Beigveder; asesora del \u00c1rea de Ambiente y Energ\u00eda, Lelia Imhof; secretaria Privada, Claudia Oberto; secretario de Gobierno, Jos\u00e9 O. Solera; capataz de Corral\u00f3n, Ricardo Vel\u00e1zquez; coordinadora de Espacios Verdes, Daniela Sosa; coordinador de Turismo y Eventos Deportivos, Santiago Ferreira; Lorena Rold\u00e1n; Manuel Carabajal y Ernesto Acosta.<\/p>\n\n\n\n<figure class=\"wp-block-image\"><img decoding=\"async\" src=\"http:\/\/www.municipioarroyito.gob.ar\/images\/sitio\/noticias\/inicio\/2020\/Marzo\/fumigaciones_3.jpeg\" alt=\"fumigaciones 3\"\/><\/figure>\n\n\n\n<p><em>&#8220;Seguimos trabajando en equipo, con compromiso y dedicaci\u00f3n, para garantizar la salud de nuestros ciudadanos&#8221;<\/em>, dijeron desde el Gobierno Municipal y pidieron colaboraci\u00f3n a los vecinos <em>&#8220;atendiendo a las medidas de prevenci\u00f3n, corte de pasto, desmalezado, uso de repelentes y telas mosquiteras. Nos cuidamos todos juntos&#8221;<\/em>.<\/p>\n\n\n\n<p>Fuente: Comunicaci\u00f3n y Protocolo del Gobierno Municipal.<\/p>\n","protected":false},"excerpt":{"rendered":"<p>En la actual gesti\u00f3n se aumentaron las cuadrillas de trabajo para el desmalezado, corte de pasto y eliminaci\u00f3n de mosquitos.&hellip;<\/p>\n","protected":false},"author":3,"featured_media":8603,"comment_status":"closed","ping_status":"open","sticky":false,"template":"","format":"standard","meta":{"footnotes":""},"categories":[913],"tags":[66,67,836,258,272,390,404,405,1102,528,572],"class_list":["post-8602","post","type-post","status-publish","format-standard","has-post-thumbnail","hentry","category-medio-ambiente","tag-arroyito","tag-arroyito-cordoba","tag-arroyito-online","tag-cuidado-del-medio-ambiente","tag-dengue","tag-fumigacion","tag-gobierno-de-cordoba","tag-gobierno-de-la-provincia","tag-gobierno-municipal","tag-medio-ambiente","tag-noticias-de-arroyito-y-zona"],"_links":{"self":[{"href":"https:\/\/arroyitoonline.com.ar\/index.php?rest_route=\/wp\/v2\/posts\/8602","targetHints":{"allow":["GET"]}}],"collection":[{"href":"https:\/\/arroyitoonline.com.ar\/index.php?rest_route=\/wp\/v2\/posts"}],"about":[{"href":"https:\/\/arroyitoonline.com.ar\/index.php?rest_route=\/wp\/v2\/types\/post"}],"author":[{"embeddable":true,"href":"https:\/\/arroyitoonline.com.ar\/index.php?rest_route=\/wp\/v2\/users\/3"}],"replies":[{"embeddable":true,"href":"https:\/\/arroyitoonline.com.ar\/index.php?rest_route=%2Fwp%2Fv2%2Fcomments&post=8602"}],"version-history":[{"count":1,"href":"https:\/\/arroyitoonline.com.ar\/index.php?rest_route=\/wp\/v2\/posts\/8602\/revisions"}],"predecessor-version":[{"id":8604,"href":"https:\/\/arroyitoonline.com.ar\/index.php?rest_route=\/wp\/v2\/posts\/8602\/revisions\/8604"}],"wp:featuredmedia":[{"embeddable":true,"href":"https:\/\/arroyitoonline.com.ar\/index.php?rest_route=\/wp\/v2\/media\/8603"}],"wp:attachment":[{"href":"https:\/\/arroyitoonline.com.ar\/index.php?rest_route=%2Fwp%2Fv2%2Fmedia&parent=8602"}],"wp:term":[{"taxonomy":"category","embeddable":true,"href":"https:\/\/arroyitoonline.com.ar\/index.php?rest_route=%2Fwp%2Fv2%2Fcategories&post=8602"},{"taxonomy":"post_tag","embeddable":true,"href":"https:\/\/arroyitoonline.com.ar\/index.php?rest_route=%2Fwp%2Fv2%2Ftags&post=8602"}],"curies":[{"name":"wp","href":"https:\/\/api.w.org\/{rel}","templated":true}]}}