{"id":8612,"date":"2020-04-15T02:46:27","date_gmt":"2020-04-15T02:46:27","guid":{"rendered":"https:\/\/arroyitoonline.com.ar\/?p=8612"},"modified":"2020-04-15T02:46:34","modified_gmt":"2020-04-15T02:46:34","slug":"el-fin-de-semana-de-pascua-dejo-multiples-detenciones-por-violacion-del-aislamiento","status":"publish","type":"post","link":"https:\/\/arroyitoonline.com.ar\/?p=8612","title":{"rendered":"El fin de semana de Pascua dej\u00f3 m\u00faltiples detenciones por violaci\u00f3n del Aislamiento"},"content":{"rendered":"\n<p><strong>En todos los casos, los sujetos andaban por la v\u00eda p\u00fablica no pudiendo justificar su presencia en el\u00a0lugar.<\/strong><\/p>\n\n\n\n<p>Durante el fin de semana de Pascua, la Comisar\u00eda Distrito Arroyito inform\u00f3 una serie de detenciones producidas por supuestas infracciones al Decreto de Necesidad y Urgencia 297\/2020, mediante el cual, Presidencia de la Naci\u00f3n impuso el Aislamiento Social Preventivo y Obligatorio. <\/p>\n\n\n\n<p><strong>Fue detenido\nmientras <em>\u201cestaba haciendo ejercicios\u201d<\/em><\/strong><\/p>\n\n\n\n<p>Personal policial traslad\u00f3, desde Camino a Calch\u00edn hacia\nla Comisar\u00eda local, a un hombre de 28 a\u00f1os que, cuando iba a ser controlado,\nmanifest\u00f3 que estaba haciendo ejercicios, por lo que qued\u00f3 alojado en la\ndependencia por supuesta infracci\u00f3n al Decreto de Necesidad y Urgencia 297\/2020,\na disposici\u00f3n de Fiscal\u00eda de Instrucci\u00f3n de esta ciudad.<\/p>\n\n\n\n<p><strong>Un menor de 16\na\u00f1os no pudo justificar su presencia en la v\u00eda p\u00fablica<\/strong><\/p>\n\n\n\n<p>La Polic\u00eda traslad\u00f3, desde la intersecci\u00f3n de 25 de Mayo\ny Av. Illia, a un menor de 16 a\u00f1os que, cuando fue controlado en la v\u00eda\np\u00fablica, no pudo justificar su presencia en el lugar. Acto seguido, la Polic\u00eda\nle notific\u00f3 de la atribuci\u00f3n de responsabilidad del delito de desobediencia a\nla autoridad por supuesta infracci\u00f3n al Aislamiento Social Preventivo y\nObligatorio, quedando a disposici\u00f3n del Juzgado de Menores de Arroyito, a cargo\nde Ignacio Zanotti, quien imparti\u00f3 la directiva de que sea entregado a sus\nprogenitores.<\/p>\n\n\n\n<p><strong>Joven de 18 a\u00f1os\nviol\u00f3 el aislamiento<\/strong><\/p>\n\n\n\n<p>Personal policial traslad\u00f3, desde la intersecci\u00f3n de\nItuzaing\u00f3 y Coronel \u00c1lvarez, al joven Valent\u00edn Ciancia (18), quien fue\ncontrolado en la v\u00eda p\u00fablica y no pudo justificar su presencia en el lugar, por\nlo que se procedi\u00f3 a su aprehensi\u00f3n y posterior traslado, quedando alojado en\nla Comisar\u00eda local, a disposici\u00f3n de Fiscal\u00eda de Instrucci\u00f3n por supuesta\ninfracci\u00f3n al Decreto de Necesidad y Urgencia 297\/2020.<\/p>\n\n\n\n<p><strong>Dos j\u00f3venes, uno\nmenor de 14, andaban en moto y fueron aprehendidos<\/strong><\/p>\n\n\n\n<p>La Polic\u00eda traslad\u00f3, desde la intersecci\u00f3n de Lavalle y\nConrado Diez, a un menor de 17 a\u00f1os, junto con su compa\u00f1ero de 14, domiciliado\nen calle Armando S\u00e1nchez 1955, quienes andaban en una moto Honda Storm 125 cc,\nde color negro, sin dominio visible. Cuando fueron controlados en la v\u00eda\np\u00fablica no pudieron justificar su presencia en el lugar, por lo que se les\nnotific\u00f3 de la atribuci\u00f3n de responsabilidad del delito de desobediencia a la\nautoridad por supuesta infracci\u00f3n al Decreto de Necesidad y Urgencia 297\/2020,\nquedando a disposici\u00f3n del Juzgado de Menores de Arroyito a cargo del Ignacio Zanotti,\nquien imparti\u00f3 la directiva de que los menores fueran entregados a sus\nprogenitores.<\/p>\n\n\n\n<p><strong>Fueron detenidos\ncuando viajaban de Sacanta a Arroyito sin permiso<\/strong><\/p>\n\n\n\n<p>El domingo 12, mientras se realizaba recorrido por ruta\nNacional 19 km 229, Polic\u00eda Caminera control\u00f3 una moto Honda Wave negra, sin\ndominio colocado, conducida por Juan Ano\u00f1io Chiama (21) acompa\u00f1ado por joven de\n19 a\u00f1os, domiciliados ambos en Sacanta, a los cuales se les consult\u00f3 acerca de su\npresencia en el lugar manifiestando ellos que iban hasta la localidad de\nArroyito. Carec\u00edan de autorizaci\u00f3n para su circulaci\u00f3n y que estaban en\nconocimiento del decreto 297\/20, por lo cual fueron trasladados a la Unidad\nJudicial local<\/p>\n\n\n\n<p>Por directivas de Fiscal\u00eda, moticiclista y acompa\u00f1ante quedaron\nalojados en alcald\u00eda y el veh\u00edculo fue secuestrado<\/p>\n\n\n\n<p><strong>Violaron el\naislamiento andando en moto: fueron detenidos<\/strong><\/p>\n\n\n\n<p>Personal policial traslad\u00f3 a un hombre de 35 y un joven\nde 23 a\u00f1os, que andaban en una moto Honda Biz de 100 cc, de color azul, sin\ndominio colocado, sin espejos, que circulaban por San Mart\u00edn de sur a norte.\nCuando llegaron a la intersecci\u00f3n con Ituzaing\u00f3, por lo que se les dio alcance\npidi\u00e9ndoles que detengan la marcha, procediendo a identificarlos. Al\nconsultarles acerca de su permanencia en la v\u00eda p\u00fablica, estos no pudieron\njustificarla, por lo que fueron aprehendidos y trasladados a la Comisar\u00eda local,\ndonde fueron alojados ambos por supuesta infracci\u00f3n al Decnu 297\/20. A uno de\nellos se le imput\u00f3 el delito de supresi\u00f3n de numeraci\u00f3n de objeto registrable quedando\nel veh\u00edculo secuestrado sede policial. <\/p>\n\n\n\n<p>Fuente: informe del jefe de la Comisar\u00eda Distrito Arroyito,\nsubcomisario Milton Ullua. <\/p>\n","protected":false},"excerpt":{"rendered":"<p>En todos los casos, los sujetos andaban por la v\u00eda p\u00fablica no pudiendo justificar su presencia en el\u00a0lugar. Durante el&hellip;<\/p>\n","protected":false},"author":3,"featured_media":8613,"comment_status":"closed","ping_status":"open","sticky":false,"template":"","format":"standard","meta":{"footnotes":""},"categories":[824],"tags":[1120,66,67,836,1108,1119,857,572,635,637,638,825],"class_list":["post-8612","post","type-post","status-publish","format-standard","has-post-thumbnail","hentry","category-policiales-online","tag-aislamiento","tag-arroyito","tag-arroyito-cordoba","tag-arroyito-online","tag-coronavirus","tag-cuarentena","tag-gobierno-nacional","tag-noticias-de-arroyito-y-zona","tag-policia","tag-policiales","tag-policiales-arroyito","tag-policiales-online"],"_links":{"self":[{"href":"https:\/\/arroyitoonline.com.ar\/index.php?rest_route=\/wp\/v2\/posts\/8612","targetHints":{"allow":["GET"]}}],"collection":[{"href":"https:\/\/arroyitoonline.com.ar\/index.php?rest_route=\/wp\/v2\/posts"}],"about":[{"href":"https:\/\/arroyitoonline.com.ar\/index.php?rest_route=\/wp\/v2\/types\/post"}],"author":[{"embeddable":true,"href":"https:\/\/arroyitoonline.com.ar\/index.php?rest_route=\/wp\/v2\/users\/3"}],"replies":[{"embeddable":true,"href":"https:\/\/arroyitoonline.com.ar\/index.php?rest_route=%2Fwp%2Fv2%2Fcomments&post=8612"}],"version-history":[{"count":1,"href":"https:\/\/arroyitoonline.com.ar\/index.php?rest_route=\/wp\/v2\/posts\/8612\/revisions"}],"predecessor-version":[{"id":8614,"href":"https:\/\/arroyitoonline.com.ar\/index.php?rest_route=\/wp\/v2\/posts\/8612\/revisions\/8614"}],"wp:featuredmedia":[{"embeddable":true,"href":"https:\/\/arroyitoonline.com.ar\/index.php?rest_route=\/wp\/v2\/media\/8613"}],"wp:attachment":[{"href":"https:\/\/arroyitoonline.com.ar\/index.php?rest_route=%2Fwp%2Fv2%2Fmedia&parent=8612"}],"wp:term":[{"taxonomy":"category","embeddable":true,"href":"https:\/\/arroyitoonline.com.ar\/index.php?rest_route=%2Fwp%2Fv2%2Fcategories&post=8612"},{"taxonomy":"post_tag","embeddable":true,"href":"https:\/\/arroyitoonline.com.ar\/index.php?rest_route=%2Fwp%2Fv2%2Ftags&post=8612"}],"curies":[{"name":"wp","href":"https:\/\/api.w.org\/{rel}","templated":true}]}}