{"id":8653,"date":"2020-04-14T18:25:07","date_gmt":"2020-04-14T18:25:07","guid":{"rendered":"https:\/\/arroyitoonline.com.ar\/?p=8653"},"modified":"2020-04-17T18:33:38","modified_gmt":"2020-04-17T18:33:38","slug":"coronavirus-benedetti-presentara-proyectos-a-la-provincia-sobre-apertura-de-comercios","status":"publish","type":"post","link":"https:\/\/arroyitoonline.com.ar\/?p=8653","title":{"rendered":"Coronavirus: Benedetti presentar\u00e1 proyectos a la Provincia, sobre apertura de comercios"},"content":{"rendered":"\n<p><strong>Estos proyectos ser\u00e1n elevados al Centro de Operaciones de Emergencia (COE).<\/strong><\/p>\n\n\n\n<p>El intendente Gustavo Benedetti, en uso de sus atribuciones, Decreto\u00a0 n\u00b0148\/c-20, deleg\u00f3 en el coordinador General de Gabinete, Mart\u00edn Ar\u00e9valo, la elaboraci\u00f3n de un proyecto local sobre apertura de comercios, en conjunto con el Centro Comercial e Industrial Arroyito, para su elevaci\u00f3n al COE (Centro de Operaciones de Emergencia) del Gobierno de la Provincia de C\u00f3rdoba.<\/p>\n\n\n\n<p>Asimismo encomend\u00f3 en el secretario de Gobierno, Jos\u00e9 Solera, la responsabilidad de coordinaci\u00f3n y control de las nuevas actividades autorizadas por la decisi\u00f3n administrativa N\u00b0290\/2020 del jefe de Gabinete de ministros,\u00a0sus protocolos de trabajo, otorgados por el Gobierno de la Provincia de C\u00f3rdoba y los permisos de circulaci\u00f3n otorgados por el Gobierno Nacional.<\/p>\n\n\n\n<p>Por otra parte, se ha establecido que los horarios de atenci\u00f3n de los Comercios permitidos, ser\u00e1n los siguientes:<\/p>\n\n\n\n<p>&#8211;\u00a0\u00a0 \u00a0Comercios de alimentos, de proximidad y farmacias: de 8:00 a 21:00 horas.<br>&#8211;\u00a0\u00a0 \u00a0Supermercados: de 8:00 a 19:00 horas.<br>&#8211;\u00a0\u00a0 \u00a0Deliverys de alimentos: hasta las 23:00 horas.<br>&#8211;\u00a0\u00a0 \u00a0Todos los dem\u00e1s comercios permitidos: de 8:00\u00a0 a 14:00 horas.<\/p>\n\n\n\n<p>Ante cualquier duda, los trabajadores o propietarios de comercios deben comunicarse al tel\u00e9fono: 3576 410596<\/p>\n\n\n\n<p>El Gobierno Municipal pide a la poblaci\u00f3n que colabore cumpliendo las medidas de aislamiento en los hogares, distanciamiento entre personas, lavado de manos frecuente, uso de cobertor naso bucal voluntario e higiene del hogar.<\/p>\n\n\n\n<p>Fuente: Comunicaci\u00f3n y Protocolo del Gobierno Municipal. <\/p>\n","protected":false},"excerpt":{"rendered":"<p>Estos proyectos ser\u00e1n elevados al Centro de Operaciones de Emergencia (COE). El intendente Gustavo Benedetti, en uso de sus atribuciones,&hellip;<\/p>\n","protected":false},"author":3,"featured_media":8654,"comment_status":"closed","ping_status":"open","sticky":false,"template":"","format":"standard","meta":{"footnotes":""},"categories":[829],"tags":[66,67,836,115,1136,968,556,572],"class_list":["post-8653","post","type-post","status-publish","format-standard","has-post-thumbnail","hentry","category-municipales-online","tag-arroyito","tag-arroyito-cordoba","tag-arroyito-online","tag-benedetti","tag-gog","tag-gustavo-benedetti","tag-municipalidad-de-arroyito","tag-noticias-de-arroyito-y-zona"],"_links":{"self":[{"href":"https:\/\/arroyitoonline.com.ar\/index.php?rest_route=\/wp\/v2\/posts\/8653","targetHints":{"allow":["GET"]}}],"collection":[{"href":"https:\/\/arroyitoonline.com.ar\/index.php?rest_route=\/wp\/v2\/posts"}],"about":[{"href":"https:\/\/arroyitoonline.com.ar\/index.php?rest_route=\/wp\/v2\/types\/post"}],"author":[{"embeddable":true,"href":"https:\/\/arroyitoonline.com.ar\/index.php?rest_route=\/wp\/v2\/users\/3"}],"replies":[{"embeddable":true,"href":"https:\/\/arroyitoonline.com.ar\/index.php?rest_route=%2Fwp%2Fv2%2Fcomments&post=8653"}],"version-history":[{"count":1,"href":"https:\/\/arroyitoonline.com.ar\/index.php?rest_route=\/wp\/v2\/posts\/8653\/revisions"}],"predecessor-version":[{"id":8655,"href":"https:\/\/arroyitoonline.com.ar\/index.php?rest_route=\/wp\/v2\/posts\/8653\/revisions\/8655"}],"wp:featuredmedia":[{"embeddable":true,"href":"https:\/\/arroyitoonline.com.ar\/index.php?rest_route=\/wp\/v2\/media\/8654"}],"wp:attachment":[{"href":"https:\/\/arroyitoonline.com.ar\/index.php?rest_route=%2Fwp%2Fv2%2Fmedia&parent=8653"}],"wp:term":[{"taxonomy":"category","embeddable":true,"href":"https:\/\/arroyitoonline.com.ar\/index.php?rest_route=%2Fwp%2Fv2%2Fcategories&post=8653"},{"taxonomy":"post_tag","embeddable":true,"href":"https:\/\/arroyitoonline.com.ar\/index.php?rest_route=%2Fwp%2Fv2%2Ftags&post=8653"}],"curies":[{"name":"wp","href":"https:\/\/api.w.org\/{rel}","templated":true}]}}