{"id":8695,"date":"2020-04-22T19:34:48","date_gmt":"2020-04-22T19:34:48","guid":{"rendered":"https:\/\/arroyitoonline.com.ar\/?p=8695"},"modified":"2020-04-22T19:35:01","modified_gmt":"2020-04-22T19:35:01","slug":"estaba-reunido-en-su-casa-le-mintio-a-la-policia-y-sus-invitados-se-escaparon-por-el-patio-fue-detenido","status":"publish","type":"post","link":"https:\/\/arroyitoonline.com.ar\/?p=8695","title":{"rendered":"Estaba reunido en su casa, le minti\u00f3 a la Polic\u00eda y sus invitados se escaparon por el patio: fue detenido"},"content":{"rendered":"\n<p><strong>El due\u00f1o de la casa les dijo a los uniformados que en su vivienda no hab\u00eda <em>&#8220;ninguna junta ni nada&#8221;<\/em>. <\/strong><\/p>\n\n\n\n<p>A la 1:35 horas de la madrugada del s\u00e1bado, la Polic\u00eda fue alertada de que, en Jos\u00e9 A. Vocos N\u00b0 1200, habr\u00eda una reuni\u00f3n de personas y estar\u00edan escuchando m\u00fasica a alto volumen.<\/p>\n\n\n\n<p>Una vez en el lugar, personal policial intent\u00f3 entrevistarse con el propietario de la vivienda y, de manera ir\u00f3nica, el due\u00f1o de la casa le manifest\u00f3 que no hab\u00eda <em>\u201cninguna junta ni nada\u201d<\/em> en su domicilio cerrando la puerta. Pero, la Polic\u00eda not\u00f3 que dos o m\u00e1s personas ajenas a esa vivienda estaban en la casa. \u00a0<\/p>\n\n\n\n<p>El uniformado solicit\u00f3 colaboraci\u00f3n, ya que se escuchaba que desde el patio se retiraban quienes permanec\u00edan en el lugar. A la llegada de los refuerzos volvieron a tocar la puerta saliendo el propietario de la vivienda \u2013un hombre de 39 a\u00f1os-, el cual segu\u00eda siendo evasivo sobre el control de la reuni\u00f3n en su domicilio, por lo que se lo aprehendi\u00f3 y se lo traslad\u00f3 a la Comisar\u00eda local. <\/p>\n\n\n\n<p>Una vez en la sede policial, se hizo entrega del procedimiento en la Unidad Judicial, quedando el sujeto alojado, por supuesta infracci\u00f3n al Decreto de Necesidad y Urgencia 297\/2020, a disposici\u00f3n de la Fiscal\u00eda de Arroyito.<\/p>\n\n\n\n<p>Fuente: informe del jefe de la Comisar\u00eda Distrito Arroyito, subcomisario Milton Ullua. <\/p>\n","protected":false},"excerpt":{"rendered":"<p>El due\u00f1o de la casa les dijo a los uniformados que en su vivienda no hab\u00eda &#8220;ninguna junta ni nada&#8221;.&hellip;<\/p>\n","protected":false},"author":3,"featured_media":3993,"comment_status":"closed","ping_status":"open","sticky":false,"template":"","format":"standard","meta":{"footnotes":""},"categories":[824],"tags":[1120,66,67,836,1108,1119,572,635,637,638,825],"class_list":["post-8695","post","type-post","status-publish","format-standard","has-post-thumbnail","hentry","category-policiales-online","tag-aislamiento","tag-arroyito","tag-arroyito-cordoba","tag-arroyito-online","tag-coronavirus","tag-cuarentena","tag-noticias-de-arroyito-y-zona","tag-policia","tag-policiales","tag-policiales-arroyito","tag-policiales-online"],"_links":{"self":[{"href":"https:\/\/arroyitoonline.com.ar\/index.php?rest_route=\/wp\/v2\/posts\/8695","targetHints":{"allow":["GET"]}}],"collection":[{"href":"https:\/\/arroyitoonline.com.ar\/index.php?rest_route=\/wp\/v2\/posts"}],"about":[{"href":"https:\/\/arroyitoonline.com.ar\/index.php?rest_route=\/wp\/v2\/types\/post"}],"author":[{"embeddable":true,"href":"https:\/\/arroyitoonline.com.ar\/index.php?rest_route=\/wp\/v2\/users\/3"}],"replies":[{"embeddable":true,"href":"https:\/\/arroyitoonline.com.ar\/index.php?rest_route=%2Fwp%2Fv2%2Fcomments&post=8695"}],"version-history":[{"count":1,"href":"https:\/\/arroyitoonline.com.ar\/index.php?rest_route=\/wp\/v2\/posts\/8695\/revisions"}],"predecessor-version":[{"id":8696,"href":"https:\/\/arroyitoonline.com.ar\/index.php?rest_route=\/wp\/v2\/posts\/8695\/revisions\/8696"}],"wp:featuredmedia":[{"embeddable":true,"href":"https:\/\/arroyitoonline.com.ar\/index.php?rest_route=\/wp\/v2\/media\/3993"}],"wp:attachment":[{"href":"https:\/\/arroyitoonline.com.ar\/index.php?rest_route=%2Fwp%2Fv2%2Fmedia&parent=8695"}],"wp:term":[{"taxonomy":"category","embeddable":true,"href":"https:\/\/arroyitoonline.com.ar\/index.php?rest_route=%2Fwp%2Fv2%2Fcategories&post=8695"},{"taxonomy":"post_tag","embeddable":true,"href":"https:\/\/arroyitoonline.com.ar\/index.php?rest_route=%2Fwp%2Fv2%2Ftags&post=8695"}],"curies":[{"name":"wp","href":"https:\/\/api.w.org\/{rel}","templated":true}]}}