{"id":8721,"date":"2020-04-25T01:04:29","date_gmt":"2020-04-25T01:04:29","guid":{"rendered":"https:\/\/arroyitoonline.com.ar\/?p=8721"},"modified":"2020-04-25T01:05:26","modified_gmt":"2020-04-25T01:05:26","slug":"este-sabado-siguen-las-colocaciones-de-vacunas","status":"publish","type":"post","link":"https:\/\/arroyitoonline.com.ar\/?p=8721","title":{"rendered":"Este s\u00e1bado siguen las colocaciones de vacunas"},"content":{"rendered":"\n<p><strong>Para los adultos en general, la vacuna es antigripal, y, para los ni\u00f1os, se coloca la antigripal y\/o la que corresponda seg\u00fan el calendario. <\/strong><\/p>\n\n\n\n<p>Este s\u00e1bado 25 de abril, de 9:00 a 13:00 horas, el Hospital Municipal Carlos J. Rodr\u00edguez continuar\u00e1 con las colocaciones de vacunas, esta vez, en el Hogar de D\u00eda Amanda Cagnolo.<\/p>\n\n\n\n<p>Se vacunar\u00e1n a adultos mayores de 65 a\u00f1os, ni\u00f1os de cero a dos a\u00f1os inclusive, personas de tres a 65 a\u00f1os con factores de riesgo (solo con certificado m\u00e9dico) y embarazadas que est\u00e9n transitando cualquier trimestre de gestaci\u00f3n.<\/p>\n\n\n\n<p>Adem\u00e1s, desde el Gobierno Municipal recuerdan que, para los adultos en general, la vacuna es antigripal, y, para los ni\u00f1os, se coloca la antigripal y\/o la que corresponda seg\u00fan el calendario.<\/p>\n\n\n\n<p>Fuente: Comunicaci\u00f3n y Protocolo del Gobierno Municipal. <\/p>\n","protected":false},"excerpt":{"rendered":"<p>Para los adultos en general, la vacuna es antigripal, y, para los ni\u00f1os, se coloca la antigripal y\/o la que&hellip;<\/p>\n","protected":false},"author":3,"featured_media":8623,"comment_status":"closed","ping_status":"open","sticky":false,"template":"","format":"standard","meta":{"footnotes":""},"categories":[9],"tags":[66,67,836,1102,426,572,706,789,790],"class_list":["post-8721","post","type-post","status-publish","format-standard","has-post-thumbnail","hentry","category-infosalud","tag-arroyito","tag-arroyito-cordoba","tag-arroyito-online","tag-gobierno-municipal","tag-hospital","tag-noticias-de-arroyito-y-zona","tag-salud","tag-vacuna-antigripal","tag-vacunacion"],"_links":{"self":[{"href":"https:\/\/arroyitoonline.com.ar\/index.php?rest_route=\/wp\/v2\/posts\/8721","targetHints":{"allow":["GET"]}}],"collection":[{"href":"https:\/\/arroyitoonline.com.ar\/index.php?rest_route=\/wp\/v2\/posts"}],"about":[{"href":"https:\/\/arroyitoonline.com.ar\/index.php?rest_route=\/wp\/v2\/types\/post"}],"author":[{"embeddable":true,"href":"https:\/\/arroyitoonline.com.ar\/index.php?rest_route=\/wp\/v2\/users\/3"}],"replies":[{"embeddable":true,"href":"https:\/\/arroyitoonline.com.ar\/index.php?rest_route=%2Fwp%2Fv2%2Fcomments&post=8721"}],"version-history":[{"count":2,"href":"https:\/\/arroyitoonline.com.ar\/index.php?rest_route=\/wp\/v2\/posts\/8721\/revisions"}],"predecessor-version":[{"id":8725,"href":"https:\/\/arroyitoonline.com.ar\/index.php?rest_route=\/wp\/v2\/posts\/8721\/revisions\/8725"}],"wp:featuredmedia":[{"embeddable":true,"href":"https:\/\/arroyitoonline.com.ar\/index.php?rest_route=\/wp\/v2\/media\/8623"}],"wp:attachment":[{"href":"https:\/\/arroyitoonline.com.ar\/index.php?rest_route=%2Fwp%2Fv2%2Fmedia&parent=8721"}],"wp:term":[{"taxonomy":"category","embeddable":true,"href":"https:\/\/arroyitoonline.com.ar\/index.php?rest_route=%2Fwp%2Fv2%2Fcategories&post=8721"},{"taxonomy":"post_tag","embeddable":true,"href":"https:\/\/arroyitoonline.com.ar\/index.php?rest_route=%2Fwp%2Fv2%2Ftags&post=8721"}],"curies":[{"name":"wp","href":"https:\/\/api.w.org\/{rel}","templated":true}]}}