{"id":8742,"date":"2020-04-29T19:31:05","date_gmt":"2020-04-29T19:31:05","guid":{"rendered":"https:\/\/arroyitoonline.com.ar\/?p=8742"},"modified":"2020-04-29T19:32:46","modified_gmt":"2020-04-29T19:32:46","slug":"el-colegio-de-abogados-de-arroyito-envio-una-nota-al-intendente-para-que-habilite-el-ejercicio-profesional","status":"publish","type":"post","link":"https:\/\/arroyitoonline.com.ar\/?p=8742","title":{"rendered":"El Colegio de Abogados de Arroyito envi\u00f3 una nota al intendente, para que habilite el ejercicio profesional"},"content":{"rendered":"\n<p><strong>Si bien las profesiones liberales quedan exceptuadas del aislamiento, por considerarse a Arroyito una zona blanca, los letrados tambi\u00e9n\u00a0piden\u00a0la\u00a0apertura\u00a0de\u00a0Tribunales\u00a0a\u00a0nivel\u00a0local.<\/strong><\/p>\n\n\n\n<p>En las \u00faltimas horas, el Colegio de Abogados de Arroyito elev\u00f3 un petitorio al intendente Gustavo Benedetti, el cual lleva las firmas de su presidente, Emanuel Acosta, y de su vicepresidenta, Marcela Maggi.<\/p>\n\n\n\n<p>En la nota, le piden al primer mandatario local, que habilite el ejercicio profesional de los letrados, <em>&#8220;en concomitancia con lo que se dict\u00f3 en el COE central. Tambi\u00e9n se present\u00f3 en los municipios de Tr\u00e1nsito, El T\u00edo, Villa Concepci\u00f3n y La Tordilla, que es el \u00e1mbito de influencia que tiene el Colegio de Abogados, para que se eleve al COE San Francisco y de ah\u00ed al COE central. Ah\u00ed ratificamos lo que la Federaci\u00f3n de Colegios le ha solicitado al gobernador, no solo en cuanto a la habilitaci\u00f3n del ejercicio sino tambi\u00e9n en cuanto a la apertura de Tribunales, que tambi\u00e9n necesitamos&#8221;<\/em>, explic\u00f3 Acosta en una nota con <strong>Canal 3<\/strong>.<\/p>\n\n\n\n<figure class=\"wp-block-image\"><img loading=\"lazy\" decoding=\"async\" width=\"960\" height=\"960\" src=\"https:\/\/arroyitoonline.com.ar\/wp-content\/uploads\/2020\/04\/84667462_159250955521535_7499788140412928000_o.png\" alt=\"\" class=\"wp-image-8743\" srcset=\"https:\/\/arroyitoonline.com.ar\/wp-content\/uploads\/2020\/04\/84667462_159250955521535_7499788140412928000_o.png 960w, https:\/\/arroyitoonline.com.ar\/wp-content\/uploads\/2020\/04\/84667462_159250955521535_7499788140412928000_o-150x150.png 150w, https:\/\/arroyitoonline.com.ar\/wp-content\/uploads\/2020\/04\/84667462_159250955521535_7499788140412928000_o-300x300.png 300w, https:\/\/arroyitoonline.com.ar\/wp-content\/uploads\/2020\/04\/84667462_159250955521535_7499788140412928000_o-768x768.png 768w\" sizes=\"auto, (max-width: 960px) 100vw, 960px\" \/><figcaption><em>El petitorio enviado a intendentes lleva el membrete del Colegio de Abogados Delegaci\u00f3n Arroyito.<\/em><\/figcaption><\/figure>\n\n\n\n<p><em>&#8220;Es muy alentador que Arroyito est\u00e9 dentro de la zona blanca, porque esto es un dato de lo bien que se han estado haciendo las cosas, y es lo que va a ir permitiendo que se vayan flexibilizando algunas de las actividades que antes no estaban exceptuadas&#8221;<\/em>, se\u00f1al\u00f3 el joven abogado, al tiempo que remarc\u00f3 que <em>&#8220;esto va a permitir, de a poco, el desarrollo de nuestra actividad profesional&#8221;<\/em>.<\/p>\n\n\n\n<p>Cabe destacar que estos profesionales podr\u00e1n atender, sin empleados, a dos clientes por hora, dos veces por semana de 8:00 a 16:00 horas, y solo se permitir\u00e1 el traslado por zonas blancas; con protocolo sanitario para la atenci\u00f3n al p\u00fablico.<\/p>\n\n\n\n<p>Adem\u00e1s, el Colegio de Abogados esperaba la aprobaci\u00f3n de la Ordenanza Municipal \u201cRatificaci\u00f3n Del Decreto N\u00b0 169-C\/20 &#8211; Adhesi\u00f3n A Los Protocolos Emitido el D\u00eda 27 De Abril De 2020, por el Centro de Operaciones de Emergencias (C.O.E.) de la Provincia de C\u00f3rdoba\u201d, habilitando la atenci\u00f3n por parte de profesionales liberales, la cual fue tratada y ratificada ayer, en sesi\u00f3n virtual del Concejo Deliberante.<\/p>\n\n\n\n<p>En cuanto a la Justicia, <em>&#8220;esperamos la apertura del Tribunal de la ciudad de Arroyito, por estar dentro de la zona blanca para que, de a poco, podamos volver a la normalidad del ejercicio de la profesi\u00f3n y fundamentalmente al restablecimiento de uno de los poderes esenciales que tiene la Rep\u00fablica, el Judicial&#8221;<\/em>, explic\u00f3 Emanuel Acosta y finaliz\u00f3 expresando que <em>&#8220;la Justicia ha atendido cuestiones urgentes, pero han sido medidas muy limitadas, con las cuales hoy seguimos trabajando a distancia, sin tener presencia en los estudios ni tomando contacto con los clientes, por eso estamos al aguardo de las nuevas medidas que se adopten en ese sentido&#8221;<\/em>.<\/p>\n\n\n\n<p>Fuente: Canal 3.<\/p>\n","protected":false},"excerpt":{"rendered":"<p>Si bien las profesiones liberales quedan exceptuadas del aislamiento, por considerarse a Arroyito una zona blanca, los letrados tambi\u00e9n\u00a0piden\u00a0la\u00a0apertura\u00a0de\u00a0Tribunales\u00a0a\u00a0nivel\u00a0local. En&hellip;<\/p>\n","protected":false},"author":3,"featured_media":8185,"comment_status":"closed","ping_status":"open","sticky":false,"template":"","format":"standard","meta":{"footnotes":""},"categories":[1106],"tags":[955,1120,66,67,836,1046,1108,1102,572,768],"class_list":["post-8742","post","type-post","status-publish","format-standard","has-post-thumbnail","hentry","category-trabajo","tag-acosta","tag-aislamiento","tag-arroyito","tag-arroyito-cordoba","tag-arroyito-online","tag-colegio-de-abogados","tag-coronavirus","tag-gobierno-municipal","tag-noticias-de-arroyito-y-zona","tag-trabajo"],"_links":{"self":[{"href":"https:\/\/arroyitoonline.com.ar\/index.php?rest_route=\/wp\/v2\/posts\/8742","targetHints":{"allow":["GET"]}}],"collection":[{"href":"https:\/\/arroyitoonline.com.ar\/index.php?rest_route=\/wp\/v2\/posts"}],"about":[{"href":"https:\/\/arroyitoonline.com.ar\/index.php?rest_route=\/wp\/v2\/types\/post"}],"author":[{"embeddable":true,"href":"https:\/\/arroyitoonline.com.ar\/index.php?rest_route=\/wp\/v2\/users\/3"}],"replies":[{"embeddable":true,"href":"https:\/\/arroyitoonline.com.ar\/index.php?rest_route=%2Fwp%2Fv2%2Fcomments&post=8742"}],"version-history":[{"count":2,"href":"https:\/\/arroyitoonline.com.ar\/index.php?rest_route=\/wp\/v2\/posts\/8742\/revisions"}],"predecessor-version":[{"id":8746,"href":"https:\/\/arroyitoonline.com.ar\/index.php?rest_route=\/wp\/v2\/posts\/8742\/revisions\/8746"}],"wp:featuredmedia":[{"embeddable":true,"href":"https:\/\/arroyitoonline.com.ar\/index.php?rest_route=\/wp\/v2\/media\/8185"}],"wp:attachment":[{"href":"https:\/\/arroyitoonline.com.ar\/index.php?rest_route=%2Fwp%2Fv2%2Fmedia&parent=8742"}],"wp:term":[{"taxonomy":"category","embeddable":true,"href":"https:\/\/arroyitoonline.com.ar\/index.php?rest_route=%2Fwp%2Fv2%2Fcategories&post=8742"},{"taxonomy":"post_tag","embeddable":true,"href":"https:\/\/arroyitoonline.com.ar\/index.php?rest_route=%2Fwp%2Fv2%2Ftags&post=8742"}],"curies":[{"name":"wp","href":"https:\/\/api.w.org\/{rel}","templated":true}]}}