{"id":8747,"date":"2020-04-29T20:26:19","date_gmt":"2020-04-29T20:26:19","guid":{"rendered":"https:\/\/arroyitoonline.com.ar\/?p=8747"},"modified":"2020-04-29T20:26:45","modified_gmt":"2020-04-29T20:26:45","slug":"denuncian-al-jefe-policial-milton-ullua-por-apologia-del-delito","status":"publish","type":"post","link":"https:\/\/arroyitoonline.com.ar\/?p=8747","title":{"rendered":"Denuncian al jefe policial Milton Ullua, por apolog\u00eda del delito"},"content":{"rendered":"\n<p><strong>La delegada local de la Secretar\u00eda de Derechos Humanos de la Naci\u00f3n, Marlene Baronetto, elev\u00f3 la denuncia al Tribunal de Disciplina de la Polic\u00eda, porque el subcomisario reivindic\u00f3 la figura del genocida Videla.<\/strong><\/p>\n\n\n\n<p>Ayer, la delegada local de la Secretar\u00eda de Derechos Humanos de la Naci\u00f3n, Marlene Baronetto, denunci\u00f3 al jefe de la Comisar\u00eda Arroyito, subcomisario Milton Ullua, ante el Tribunal de Disciplina de la Polic\u00eda de C\u00f3rdoba. <\/p>\n\n\n\n<p>Es que, seg\u00fan Baronetto, Ullua incurri\u00f3 en apolog\u00eda del delito, reivindicando la dictadura militar y la figura del genocida argentino, Jorge Rafael Videla, mediante una publicaci\u00f3n realizada en su muro p\u00fablico de la red social Facebook; por su car\u00e1cter de funcionario p\u00fablico.<\/p>\n\n\n\n<figure><iframe loading=\"lazy\" src=\"https:\/\/www.facebook.com\/plugins\/post.php?href=https%3A%2F%2Fwww.facebook.com%2Fmali.baronetto.3%2Fposts%2F262017218260906&amp;width=500\" width=\"500\" height=\"439\"><\/iframe><\/figure>\n\n\n\n<p><em>&#8220;Tambi\u00e9n lo hice por reclamos de vecinos y vecinas que tienen miedo de denunciar. Fue un trabajo colectivo, porque atend\u00ed v\u00edctimas que me han contado sus malas experiencias con la Comisar\u00eda que \u00e9l dirige o dirig\u00eda. Han tenido malas experiencias por violencia de g\u00e9nero, por la mala atenci\u00f3n, siempre poniendo por delante su ideolog\u00eda y agrediendo el tema de los que no pensaban como \u00e9l, catalog\u00e1ndolo como zurdos, ratas, etc. &#8220;<\/em>, indic\u00f3 Baronetto a <strong>Canal 3<\/strong>.<\/p>\n\n\n\n<p>La delegada adem\u00e1s coment\u00f3 que Ullua <em>&#8220;hizo la publicaci\u00f3n relacionada con lo sucedido en la c\u00e1rcel de Villa Devoto, por lo que est\u00e1 muy vinculado con su desempe\u00f1o como polic\u00eda, entonces da a entender y promueve al pensamiento o intimida, a quienes no piensan as\u00ed, de que \u00e9se es su accionar o su pensamiento de accionar&#8221;<\/em>. <\/p>\n\n\n\n<p>Por \u00faltimo, Baronetto aclar\u00f3 que, en cuanto a su presentaci\u00f3n, <em>&#8220;las instituciones del Gobierno de C\u00f3rdoba est\u00e1n trabajando, por ahora, de una manera excelente, los organismos de Derechos Humanos, la Comisi\u00f3n, los vecinos de ac\u00e1 tambi\u00e9n, Justicia tambi\u00e9n, para que no quede en la nada, porque uno tiene que ser \u00e9tico afuera y adentro, cuando es funcionario p\u00fablico&#8221;<\/em> y pidi\u00f3 <em>&#8220;encarecidamente a las autoridades municipales que repudien, que emitan un comunicado sobre el hecho, porque eso ser\u00eda ejemplificador y mostrar\u00eda que ellos no est\u00e1n de acuerdo con estas pr\u00e1cticas&#8221;<\/em>.<\/p>\n\n\n\n<p>Por su parte, en la madrugada de hoy, el propio subcomisario inform\u00f3 que tomaba licencia por razones personales y trascendi\u00f3 que habr\u00eda borrado su cuenta de Facebook.<\/p>\n\n\n\n<p>Fuente: Canal 3. <\/p>\n","protected":false},"excerpt":{"rendered":"<p>La delegada local de la Secretar\u00eda de Derechos Humanos de la Naci\u00f3n, Marlene Baronetto, elev\u00f3 la denuncia al Tribunal de&hellip;<\/p>\n","protected":false},"author":3,"featured_media":8255,"comment_status":"closed","ping_status":"open","sticky":false,"template":"","format":"standard","meta":{"footnotes":""},"categories":[824],"tags":[66,67,836,294,572,635,637,638,825],"class_list":["post-8747","post","type-post","status-publish","format-standard","has-post-thumbnail","hentry","category-policiales-online","tag-arroyito","tag-arroyito-cordoba","tag-arroyito-online","tag-dictadura","tag-noticias-de-arroyito-y-zona","tag-policia","tag-policiales","tag-policiales-arroyito","tag-policiales-online"],"_links":{"self":[{"href":"https:\/\/arroyitoonline.com.ar\/index.php?rest_route=\/wp\/v2\/posts\/8747","targetHints":{"allow":["GET"]}}],"collection":[{"href":"https:\/\/arroyitoonline.com.ar\/index.php?rest_route=\/wp\/v2\/posts"}],"about":[{"href":"https:\/\/arroyitoonline.com.ar\/index.php?rest_route=\/wp\/v2\/types\/post"}],"author":[{"embeddable":true,"href":"https:\/\/arroyitoonline.com.ar\/index.php?rest_route=\/wp\/v2\/users\/3"}],"replies":[{"embeddable":true,"href":"https:\/\/arroyitoonline.com.ar\/index.php?rest_route=%2Fwp%2Fv2%2Fcomments&post=8747"}],"version-history":[{"count":2,"href":"https:\/\/arroyitoonline.com.ar\/index.php?rest_route=\/wp\/v2\/posts\/8747\/revisions"}],"predecessor-version":[{"id":8749,"href":"https:\/\/arroyitoonline.com.ar\/index.php?rest_route=\/wp\/v2\/posts\/8747\/revisions\/8749"}],"wp:featuredmedia":[{"embeddable":true,"href":"https:\/\/arroyitoonline.com.ar\/index.php?rest_route=\/wp\/v2\/media\/8255"}],"wp:attachment":[{"href":"https:\/\/arroyitoonline.com.ar\/index.php?rest_route=%2Fwp%2Fv2%2Fmedia&parent=8747"}],"wp:term":[{"taxonomy":"category","embeddable":true,"href":"https:\/\/arroyitoonline.com.ar\/index.php?rest_route=%2Fwp%2Fv2%2Fcategories&post=8747"},{"taxonomy":"post_tag","embeddable":true,"href":"https:\/\/arroyitoonline.com.ar\/index.php?rest_route=%2Fwp%2Fv2%2Ftags&post=8747"}],"curies":[{"name":"wp","href":"https:\/\/api.w.org\/{rel}","templated":true}]}}