{"id":8750,"date":"2020-04-29T22:13:02","date_gmt":"2020-04-29T22:13:02","guid":{"rendered":"https:\/\/arroyitoonline.com.ar\/?p=8750"},"modified":"2020-04-29T22:13:25","modified_gmt":"2020-04-29T22:13:25","slug":"la-viceintendenta-sufrio-una-descompensacion","status":"publish","type":"post","link":"https:\/\/arroyitoonline.com.ar\/?p=8750","title":{"rendered":"La viceintendenta sufri\u00f3 una descompensaci\u00f3n"},"content":{"rendered":"\n<p><strong>Mar\u00eda Jos\u00e9 Esp\u00f3sito est\u00e1 internada en la Unidad de Terapia Intensiva y permanece estable al aguardo de la realizaci\u00f3n de estudios m\u00e9dicos.<\/strong><\/p>\n\n\n\n<p>Ayer martes 28 de abril, luego de la sesi\u00f3n virtual del Concejo Deliberante que ella misma presidi\u00f3, la viceintendente Mar\u00eda Jos\u00e9 Esp\u00f3sito fue atendida en la Cl\u00ednica Regional Arroyito tras haber sufrido una descompensaci\u00f3n.<\/p>\n\n\n\n<p>En la actualidad, la docente y presidenta natural del cuerpo deliberativo local se encuentra internada en la Unidad de Terapia Intensiva, permanece estable y a la espera de que se completen estudios m\u00e9dicos, para la tranquilidad de todos.<\/p>\n\n\n\n<p>Fuente: Comunicaci\u00f3n y Protocolo del Gobierno Municipal. <\/p>\n","protected":false},"excerpt":{"rendered":"<p>Mar\u00eda Jos\u00e9 Esp\u00f3sito est\u00e1 internada en la Unidad de Terapia Intensiva y permanece estable al aguardo de la realizaci\u00f3n de&hellip;<\/p>\n","protected":false},"author":3,"featured_media":6756,"comment_status":"closed","ping_status":"open","sticky":false,"template":"","format":"standard","meta":{"footnotes":""},"categories":[900],"tags":[66,67,836,1102,572],"class_list":["post-8750","post","type-post","status-publish","format-standard","has-post-thumbnail","hentry","category-noticias","tag-arroyito","tag-arroyito-cordoba","tag-arroyito-online","tag-gobierno-municipal","tag-noticias-de-arroyito-y-zona"],"_links":{"self":[{"href":"https:\/\/arroyitoonline.com.ar\/index.php?rest_route=\/wp\/v2\/posts\/8750","targetHints":{"allow":["GET"]}}],"collection":[{"href":"https:\/\/arroyitoonline.com.ar\/index.php?rest_route=\/wp\/v2\/posts"}],"about":[{"href":"https:\/\/arroyitoonline.com.ar\/index.php?rest_route=\/wp\/v2\/types\/post"}],"author":[{"embeddable":true,"href":"https:\/\/arroyitoonline.com.ar\/index.php?rest_route=\/wp\/v2\/users\/3"}],"replies":[{"embeddable":true,"href":"https:\/\/arroyitoonline.com.ar\/index.php?rest_route=%2Fwp%2Fv2%2Fcomments&post=8750"}],"version-history":[{"count":3,"href":"https:\/\/arroyitoonline.com.ar\/index.php?rest_route=\/wp\/v2\/posts\/8750\/revisions"}],"predecessor-version":[{"id":8753,"href":"https:\/\/arroyitoonline.com.ar\/index.php?rest_route=\/wp\/v2\/posts\/8750\/revisions\/8753"}],"wp:featuredmedia":[{"embeddable":true,"href":"https:\/\/arroyitoonline.com.ar\/index.php?rest_route=\/wp\/v2\/media\/6756"}],"wp:attachment":[{"href":"https:\/\/arroyitoonline.com.ar\/index.php?rest_route=%2Fwp%2Fv2%2Fmedia&parent=8750"}],"wp:term":[{"taxonomy":"category","embeddable":true,"href":"https:\/\/arroyitoonline.com.ar\/index.php?rest_route=%2Fwp%2Fv2%2Fcategories&post=8750"},{"taxonomy":"post_tag","embeddable":true,"href":"https:\/\/arroyitoonline.com.ar\/index.php?rest_route=%2Fwp%2Fv2%2Ftags&post=8750"}],"curies":[{"name":"wp","href":"https:\/\/api.w.org\/{rel}","templated":true}]}}