{"id":8754,"date":"2020-04-27T10:22:06","date_gmt":"2020-04-27T10:22:06","guid":{"rendered":"https:\/\/arroyitoonline.com.ar\/?p=8754"},"modified":"2020-04-29T22:22:36","modified_gmt":"2020-04-29T22:22:36","slug":"el-gobierno-municipal-adhiere-a-la-semana-de-vacunacion-de-las-americas","status":"publish","type":"post","link":"https:\/\/arroyitoonline.com.ar\/?p=8754","title":{"rendered":"El Gobierno Municipal adhiere a la Semana de Vacunaci\u00f3n de las Am\u00e9ricas"},"content":{"rendered":"\n<p><strong>La campa\u00f1a se desarrollar\u00e1 los d\u00edas martes 28, mi\u00e9rcoles 29 y jueves 30, en el\u00a0Hospital Municipal Dr. Carlos J. Rodr\u00edguez, la Posta Sanitaria Sur Dr. Rub\u00e9n Miretti y el Centro de Salud Dr. Carlos Vieyra. <\/strong><\/p>\n\n\n\n<p>En el marco de la Semana de Vacunaci\u00f3n de las Am\u00e9ricas, el Gobierno Municipal realizar\u00e1 vacunaciones los d\u00edas martes 28, mi\u00e9rcoles 29 y jueves 30 de abril en el\u00a0Hospital Municipal Dr. Carlos J. Rodr\u00edguez, la Posta Sanitaria Sur Dr. Rub\u00e9n Miretti y el Centro de Salud Dr. Carlos Vieyra.<\/p>\n\n\n\n<figure class=\"wp-block-image\"><img loading=\"lazy\" decoding=\"async\" width=\"1024\" height=\"1024\" src=\"https:\/\/arroyitoonline.com.ar\/wp-content\/uploads\/2020\/04\/vacunaci\u00f3n-1024x1024.jpeg\" alt=\"\" class=\"wp-image-8755\" srcset=\"https:\/\/arroyitoonline.com.ar\/wp-content\/uploads\/2020\/04\/vacunaci\u00f3n-1024x1024.jpeg 1024w, https:\/\/arroyitoonline.com.ar\/wp-content\/uploads\/2020\/04\/vacunaci\u00f3n-150x150.jpeg 150w, https:\/\/arroyitoonline.com.ar\/wp-content\/uploads\/2020\/04\/vacunaci\u00f3n-300x300.jpeg 300w, https:\/\/arroyitoonline.com.ar\/wp-content\/uploads\/2020\/04\/vacunaci\u00f3n-768x768.jpeg 768w, https:\/\/arroyitoonline.com.ar\/wp-content\/uploads\/2020\/04\/vacunaci\u00f3n.jpeg 1181w\" sizes=\"auto, (max-width: 1024px) 100vw, 1024px\" \/><figcaption><em>Ama. Confia. Protege. #vac\u00fanate es el lema de esta campa\u00f1a promovida por la OMS.<\/em><\/figcaption><\/figure>\n\n\n\n<p>Los d\u00edas martes y jueves, de 7:00 a 13:00 y de 15:00 a 18:00 horas, se vacunar\u00e1n a embarazadas, mayores de 65 a\u00f1os y personas mayores de dos a\u00f1os con factores de riesgo (solo presentando certificado m\u00e9dico).<\/p>\n\n\n\n<p>Por otra parte, el d\u00eda mi\u00e9rcoles, en los mismos horarios, se vacunar\u00e1 a ni\u00f1os menores de dos a\u00f1os.<\/p>\n\n\n\n<p>Para los adultos en general, se colocar\u00e1 la antigripal. En tanto que, para los ni\u00f1os, se colocar\u00e1 la antigripal y\/o la que corresponda seg\u00fan el calendario.<\/p>\n\n\n\n<p>El lema de esta campa\u00f1a, organizada por la Organizaci\u00f3n Mundial de la Salud, es \u201cAma. Conf\u00eda. Protege. #Vac\u00fanate\u201d y tiene como objetivo la generaci\u00f3n de conciencia sobre la importancia que tienen las vacunas y su capacidad para salvar vidas.<\/p>\n\n\n\n<p>Fuente: Comunicaci\u00f3n y Protocolo del Gobierno Municipal. <\/p>\n","protected":false},"excerpt":{"rendered":"<p>La campa\u00f1a se desarrollar\u00e1 los d\u00edas martes 28, mi\u00e9rcoles 29 y jueves 30, en el\u00a0Hospital Municipal Dr. Carlos J. Rodr\u00edguez,&hellip;<\/p>\n","protected":false},"author":3,"featured_media":8623,"comment_status":"closed","ping_status":"open","sticky":false,"template":"","format":"standard","meta":{"footnotes":""},"categories":[9],"tags":[66,67,836,174,1102,426,572,1023,789,790],"class_list":["post-8754","post","type-post","status-publish","format-standard","has-post-thumbnail","hentry","category-infosalud","tag-arroyito","tag-arroyito-cordoba","tag-arroyito-online","tag-centro-de-salud-dr-carlos-e-vieyra","tag-gobierno-municipal","tag-hospital","tag-noticias-de-arroyito-y-zona","tag-posta-de-salud-sur-dr-ruben-miretti","tag-vacuna-antigripal","tag-vacunacion"],"_links":{"self":[{"href":"https:\/\/arroyitoonline.com.ar\/index.php?rest_route=\/wp\/v2\/posts\/8754","targetHints":{"allow":["GET"]}}],"collection":[{"href":"https:\/\/arroyitoonline.com.ar\/index.php?rest_route=\/wp\/v2\/posts"}],"about":[{"href":"https:\/\/arroyitoonline.com.ar\/index.php?rest_route=\/wp\/v2\/types\/post"}],"author":[{"embeddable":true,"href":"https:\/\/arroyitoonline.com.ar\/index.php?rest_route=\/wp\/v2\/users\/3"}],"replies":[{"embeddable":true,"href":"https:\/\/arroyitoonline.com.ar\/index.php?rest_route=%2Fwp%2Fv2%2Fcomments&post=8754"}],"version-history":[{"count":1,"href":"https:\/\/arroyitoonline.com.ar\/index.php?rest_route=\/wp\/v2\/posts\/8754\/revisions"}],"predecessor-version":[{"id":8756,"href":"https:\/\/arroyitoonline.com.ar\/index.php?rest_route=\/wp\/v2\/posts\/8754\/revisions\/8756"}],"wp:featuredmedia":[{"embeddable":true,"href":"https:\/\/arroyitoonline.com.ar\/index.php?rest_route=\/wp\/v2\/media\/8623"}],"wp:attachment":[{"href":"https:\/\/arroyitoonline.com.ar\/index.php?rest_route=%2Fwp%2Fv2%2Fmedia&parent=8754"}],"wp:term":[{"taxonomy":"category","embeddable":true,"href":"https:\/\/arroyitoonline.com.ar\/index.php?rest_route=%2Fwp%2Fv2%2Fcategories&post=8754"},{"taxonomy":"post_tag","embeddable":true,"href":"https:\/\/arroyitoonline.com.ar\/index.php?rest_route=%2Fwp%2Fv2%2Ftags&post=8754"}],"curies":[{"name":"wp","href":"https:\/\/api.w.org\/{rel}","templated":true}]}}