{"id":8757,"date":"2020-04-28T10:36:58","date_gmt":"2020-04-28T10:36:58","guid":{"rendered":"https:\/\/arroyitoonline.com.ar\/?p=8757"},"modified":"2020-04-29T23:20:03","modified_gmt":"2020-04-29T23:20:03","slug":"arroyito-es-zona-blanca-se-flexibilizan-obras-privadas-comercios-y-profesiones-liberales","status":"publish","type":"post","link":"https:\/\/arroyitoonline.com.ar\/?p=8757","title":{"rendered":"Arroyito es zona blanca: se flexibilizan obras privadas, comercios y profesiones liberales"},"content":{"rendered":"\n<p><strong>Es porque nuestra ciudad no registra casos positivos activos ni es un gran conglomerado.<\/strong><\/p>\n\n\n\n<p>El Gobierno Municipal, seg\u00fan las disposiciones emanadas el d\u00eda 27\/4 por el Centro de Operaciones de Emergencia Central del Gobierno de la Provincia de C\u00f3rdoba, ha decidido que se habiliten comercios, obras privadas y profesiones liberales, en el marco de las medidas tomadas debido al Aislamiento Social\u00a0 Preventivo y Obligatorio por el Covid-19, ya que Arroyito no cuenta con casos positivos activos ni es un gran conglomerado <\/p>\n\n\n\n<div class=\"wp-block-image\"><figure class=\"aligncenter\"><img decoding=\"async\" src=\"https:\/\/www.municipioarroyito.gob.ar\/images\/WhatsApp_Image_2020-04-28_at_12.12.34_AM.jpeg\" alt=\"WhatsApp Image 2020 04 28 at 12.12.34 AM\"\/><\/figure><\/div>\n\n\n\n<p>El Concejo Deliberante deber\u00e1 ratificar estas nuevas flexibilizaciones. En todos los casos se requiere como uso obligatorio el barbijo no quir\u00fargico y no est\u00e1n vigentes para personas mayores de 60 a\u00f1os. Adem\u00e1s, por el momento, seg\u00fan disposici\u00f3n del COE Central no se permitir\u00e1n las salidas de esparcimiento en todo el territorio provincial.<\/p>\n\n\n\n<p>La flexibilizaci\u00f3n de estas tres categor\u00edas implica medidas determinadas para cada caso, seg\u00fan establecen los Protocolos emanados por el COE Central, que ser\u00e1n tratados por el Concejo Deliberante. El intendente, Gustavo Benedetti, por su parte, ha convocado al Concejo a una Sesi\u00f3n Especial el d\u00eda de hoy, a las 13:00 horas.<\/p>\n\n\n\n<p>En cuanto obra privada, se habilitar\u00e1n todas las obras ya iniciadas o nuevas que no sean habitadas. Los trabajadores deber\u00e1n pedir un permiso a la Municipalidad, y no podr\u00e1n ser m\u00e1s de cinco personas por obra.\u00a0La jornada de trabajo ser\u00e1 de 8:00 a 14 horas, de lunes a viernes, y los trabajadores deber\u00e1n ser vecinos de Arroyito.<\/p>\n\n\n\n<p>En lo que respecta a comercios, se habilitar\u00e1 a aquellos que no requieran permanencia de los clientes. Deber\u00e1n cumplir con las medidas de bioseguridad establecidas. Podr\u00e1n atender de lunes a s\u00e1bado seg\u00fan la disposici\u00f3n y en un horario de 8:00 a 14:00 horas conforme lo estableci\u00f3 el Iindente. Los clientes podr\u00e1n concurrir seg\u00fan su\u00a0 n\u00famero de DNI: los d\u00edas pares asistir\u00e1n los que tengan terminaci\u00f3n par y para los d\u00edas impares, los que tengan terminaci\u00f3n impar. <\/p>\n\n\n\n<p>Por \u00faltimo, los profesionales liberales (abogados, contadores, escribanos, arquitectos, ingenieros, agrimensores, corredores inmobiliarios, gestores y martilleros) podr\u00e1n atender v\u00eda telef\u00f3nica o digital, y de manera presencial solo dos veces por semana, hasta dos clientes por hora, con turnos previos. Los horarios determinados para este fin, por el Gobierno Municipal, son de 8:00 a 14:00 horas.<\/p>\n\n\n\n<p>En todo momento, se deber\u00e1 respetar la distancia m\u00ednima de dos metros entre las personas y las medidas de higiene de manos e higiene respiratoria.<\/p>\n\n\n\n<p>Es muy necesario que todos respeten las medidas de distanciamiento, higienizaci\u00f3n, uso de barbijo no quir\u00fargico y medidas de bioseguridad, para no tener que retrotraer esta flexibilizaci\u00f3n. Es por eso, que se solicita a la poblaci\u00f3n que est\u00e1 atenta a cada consideraci\u00f3n de los Protocolos que se determinar\u00e1n en la tarde del d\u00eda de hoy.<\/p>\n\n\n\n<p>Fuente: Comunicaci\u00f3n y Protocolo del Gobierno Municipal. <\/p>\n","protected":false},"excerpt":{"rendered":"<p>Es porque nuestra ciudad no registra casos positivos activos ni es un gran conglomerado. El Gobierno Municipal, seg\u00fan las disposiciones&hellip;<\/p>\n","protected":false},"author":3,"featured_media":7372,"comment_status":"closed","ping_status":"open","sticky":false,"template":"","format":"standard","meta":{"footnotes":""},"categories":[829],"tags":[1120,66,67,836,217,1108,1119,404,405,1102,857,572],"class_list":["post-8757","post","type-post","status-publish","format-standard","has-post-thumbnail","hentry","category-municipales-online","tag-aislamiento","tag-arroyito","tag-arroyito-cordoba","tag-arroyito-online","tag-comercio","tag-coronavirus","tag-cuarentena","tag-gobierno-de-cordoba","tag-gobierno-de-la-provincia","tag-gobierno-municipal","tag-gobierno-nacional","tag-noticias-de-arroyito-y-zona"],"_links":{"self":[{"href":"https:\/\/arroyitoonline.com.ar\/index.php?rest_route=\/wp\/v2\/posts\/8757","targetHints":{"allow":["GET"]}}],"collection":[{"href":"https:\/\/arroyitoonline.com.ar\/index.php?rest_route=\/wp\/v2\/posts"}],"about":[{"href":"https:\/\/arroyitoonline.com.ar\/index.php?rest_route=\/wp\/v2\/types\/post"}],"author":[{"embeddable":true,"href":"https:\/\/arroyitoonline.com.ar\/index.php?rest_route=\/wp\/v2\/users\/3"}],"replies":[{"embeddable":true,"href":"https:\/\/arroyitoonline.com.ar\/index.php?rest_route=%2Fwp%2Fv2%2Fcomments&post=8757"}],"version-history":[{"count":1,"href":"https:\/\/arroyitoonline.com.ar\/index.php?rest_route=\/wp\/v2\/posts\/8757\/revisions"}],"predecessor-version":[{"id":8758,"href":"https:\/\/arroyitoonline.com.ar\/index.php?rest_route=\/wp\/v2\/posts\/8757\/revisions\/8758"}],"wp:featuredmedia":[{"embeddable":true,"href":"https:\/\/arroyitoonline.com.ar\/index.php?rest_route=\/wp\/v2\/media\/7372"}],"wp:attachment":[{"href":"https:\/\/arroyitoonline.com.ar\/index.php?rest_route=%2Fwp%2Fv2%2Fmedia&parent=8757"}],"wp:term":[{"taxonomy":"category","embeddable":true,"href":"https:\/\/arroyitoonline.com.ar\/index.php?rest_route=%2Fwp%2Fv2%2Fcategories&post=8757"},{"taxonomy":"post_tag","embeddable":true,"href":"https:\/\/arroyitoonline.com.ar\/index.php?rest_route=%2Fwp%2Fv2%2Ftags&post=8757"}],"curies":[{"name":"wp","href":"https:\/\/api.w.org\/{rel}","templated":true}]}}